{"id":1424,"date":"2013-11-27T23:09:14","date_gmt":"2013-11-27T22:09:14","guid":{"rendered":"http:\/\/springfield-racingteam.de\/?p=1424"},"modified":"2015-08-26T15:58:01","modified_gmt":"2015-08-26T14:58:01","slug":"st-louis","status":"publish","type":"post","link":"https:\/\/www.springfield-racingteam.de\/?p=1424","title":{"rendered":"St. Louis"},"content":{"rendered":"<p>Heute war Ruhetag! Ruhetag im wahrsten Sinne des Wortes. Nach einem kleinen Fr\u00fchst\u00fcck vom Campingplatz (Fr\u00fchst\u00fcck bedeutet hier ein halbes Baguette, ein kleines St\u00fcckchen Butter, eine abgepackte Marmelade, ein St\u00fcckchen K\u00e4se und ein Croissant plus Kaffee und Orangensaft, naja besser als gar nichts), ging es erstmal in den Atlantik baden. Danach ein ausgedehntes Sonnenbad und nochmal in den Swimmingpool. Nachmittags ging es dann mit einem Taxi (altes Auto mit kaputten Scheiben, Sto\u00dfd\u00e4mpfern und viel Rost) in die Altstadt von St. Louis, eine alte franz\u00f6sische Kolonialstadt. Viele sch\u00f6ne alte Bauten aus dem 17. und 18. Jahrhundert, leider wurde seitdem auch nichts mehr dran gemacht. Durch schmale Stra\u00dfen mit viel Leben und einem kurzen Abstecher in einem Lokal ging es dann in einem sehr alten, klapprigen Kleinbus zur\u00fcck zum Campingplatz. Der Campingplatz liegt an einer &#8222;Lagune&#8220;. Diese Lagune wird, zwischen der Stadt und dem Campingplatz, haupts\u00e4chlich von Fischern genutzt und auch der Fischhandel findet hier statt. Unmengen von Fischerbooten, Leuten, Lkw\u00b4s und Fische, alles findet auf der Stra\u00dfe statt, dementsprechend liegt auch ein gewisser Duft in der Luft. Nach dem Abendbrot und einem Bierchen&#8230; geht\u00b4s dann ins Bett, denn morgen fr\u00fch geht es um 6 Uhr los zur letzten Etappe nach Banjul. Da werden wir noch ein letztes Mal ca. 600 km im Konvoi bew\u00e4ltigen.<\/p>\n<div class=\"tiled-gallery type-rectangular tiled-gallery-unresized\" data-original-width=\"584\" data-carousel-extra='null' itemscope itemtype=\"http:\/\/schema.org\/ImageGallery\" > <div class=\"gallery-row\" style=\"width: 584px; height: 261px;\" data-original-width=\"584\" data-original-height=\"261\" > <div class=\"gallery-group images-1\" style=\"width: 390px; height: 261px;\" data-original-width=\"390\" data-original-height=\"261\" > <div class=\"tiled-gallery-item tiled-gallery-item-large\" itemprop=\"associatedMedia\" itemscope itemtype=\"http:\/\/schema.org\/ImageObject\"> <a href=\"https:\/\/www.springfield-racingteam.de\/?attachment_id=1425\" border=\"0\" itemprop=\"url\"> <meta itemprop=\"width\" content=\"386\"> <meta itemprop=\"height\" content=\"257\"> <img decoding=\"async\" class=\"\" data-attachment-id=\"1425\" data-orig-file=\"https:\/\/www.springfield-racingteam.de\/wp-content\/uploads\/2013\/11\/srt0088.jpg\" data-orig-size=\"1024,683\" data-comments-opened=\"1\" data-image-meta=\"{&quot;aperture&quot;:&quot;9&quot;,&quot;credit&quot;:&quot;Robert Kubis&quot;,&quot;camera&quot;:&quot;Canon EOS 6D&quot;,&quot;caption&quot;:&quot;&quot;,&quot;created_timestamp&quot;:&quot;1385575422&quot;,&quot;copyright&quot;:&quot;All rights reserved. Distribution without consent prohibited!&quot;,&quot;focal_length&quot;:&quot;24&quot;,&quot;iso&quot;:&quot;400&quot;,&quot;shutter_speed&quot;:&quot;0.005&quot;,&quot;title&quot;:&quot;&quot;}\" data-image-title=\"srt008\" data-image-description=\"\" data-medium-file=\"https:\/\/i0.wp.com\/www.springfield-racingteam.de\/wp-content\/uploads\/2013\/11\/srt0088.jpg?fit=300%2C200&#038;ssl=1\" data-large-file=\"https:\/\/i0.wp.com\/www.springfield-racingteam.de\/wp-content\/uploads\/2013\/11\/srt0088.jpg?fit=584%2C390&#038;ssl=1\" src=\"https:\/\/i0.wp.com\/www.springfield-racingteam.de\/wp-content\/uploads\/2013\/11\/srt0088.jpg?w=386&#038;h=257&#038;ssl=1\" srcset=\"https:\/\/i0.wp.com\/www.springfield-racingteam.de\/wp-content\/uploads\/2013\/11\/srt0088.jpg?w=1024&amp;ssl=1 1024w, https:\/\/i0.wp.com\/www.springfield-racingteam.de\/wp-content\/uploads\/2013\/11\/srt0088.jpg?resize=300%2C200&amp;ssl=1 300w, https:\/\/i0.wp.com\/www.springfield-racingteam.de\/wp-content\/uploads\/2013\/11\/srt0088.jpg?resize=449%2C300&amp;ssl=1 449w\" width=\"386\" height=\"257\" loading=\"lazy\" data-original-width=\"386\" data-original-height=\"257\" itemprop=\"http:\/\/schema.org\/image\" title=\"srt008\" alt=\"srt008\" style=\"width: 386px; height: 257px;\" \/> <\/a> <\/div> <\/div> <!-- close group --> <div class=\"gallery-group images-2\" style=\"width: 194px; height: 261px;\" data-original-width=\"194\" data-original-height=\"261\" > <div class=\"tiled-gallery-item tiled-gallery-item-small\" itemprop=\"associatedMedia\" itemscope itemtype=\"http:\/\/schema.org\/ImageObject\"> <a href=\"https:\/\/www.springfield-racingteam.de\/?attachment_id=1426\" border=\"0\" itemprop=\"url\"> <meta itemprop=\"width\" content=\"190\"> <meta itemprop=\"height\" content=\"127\"> <img decoding=\"async\" class=\"\" data-attachment-id=\"1426\" data-orig-file=\"https:\/\/www.springfield-racingteam.de\/wp-content\/uploads\/2013\/11\/srt00111.jpg\" data-orig-size=\"1024,683\" data-comments-opened=\"1\" data-image-meta=\"{&quot;aperture&quot;:&quot;5.6&quot;,&quot;credit&quot;:&quot;Robert Kubis&quot;,&quot;camera&quot;:&quot;Canon EOS 6D&quot;,&quot;caption&quot;:&quot;&quot;,&quot;created_timestamp&quot;:&quot;1385564448&quot;,&quot;copyright&quot;:&quot;All rights reserved. Distribution without consent prohibited!&quot;,&quot;focal_length&quot;:&quot;28&quot;,&quot;iso&quot;:&quot;100&quot;,&quot;shutter_speed&quot;:&quot;0.00125&quot;,&quot;title&quot;:&quot;&quot;}\" data-image-title=\"srt001\" data-image-description=\"\" data-medium-file=\"https:\/\/i0.wp.com\/www.springfield-racingteam.de\/wp-content\/uploads\/2013\/11\/srt00111.jpg?fit=300%2C200&#038;ssl=1\" data-large-file=\"https:\/\/i0.wp.com\/www.springfield-racingteam.de\/wp-content\/uploads\/2013\/11\/srt00111.jpg?fit=584%2C390&#038;ssl=1\" src=\"https:\/\/i0.wp.com\/www.springfield-racingteam.de\/wp-content\/uploads\/2013\/11\/srt00111.jpg?w=190&#038;h=127&#038;ssl=1\" srcset=\"https:\/\/i0.wp.com\/www.springfield-racingteam.de\/wp-content\/uploads\/2013\/11\/srt00111.jpg?w=1024&amp;ssl=1 1024w, https:\/\/i0.wp.com\/www.springfield-racingteam.de\/wp-content\/uploads\/2013\/11\/srt00111.jpg?resize=300%2C200&amp;ssl=1 300w, https:\/\/i0.wp.com\/www.springfield-racingteam.de\/wp-content\/uploads\/2013\/11\/srt00111.jpg?resize=449%2C300&amp;ssl=1 449w\" width=\"190\" height=\"127\" loading=\"lazy\" data-original-width=\"190\" data-original-height=\"127\" itemprop=\"http:\/\/schema.org\/image\" title=\"srt001\" alt=\"srt001\" style=\"width: 190px; height: 127px;\" \/> <\/a> <\/div> <div class=\"tiled-gallery-item tiled-gallery-item-small\" itemprop=\"associatedMedia\" itemscope itemtype=\"http:\/\/schema.org\/ImageObject\"> <a href=\"https:\/\/www.springfield-racingteam.de\/?attachment_id=1428\" border=\"0\" itemprop=\"url\"> <meta itemprop=\"width\" content=\"190\"> <meta itemprop=\"height\" content=\"126\"> <img decoding=\"async\" class=\"\" data-attachment-id=\"1428\" data-orig-file=\"https:\/\/www.springfield-racingteam.de\/wp-content\/uploads\/2013\/11\/srt00311.jpg\" data-orig-size=\"1024,683\" data-comments-opened=\"1\" data-image-meta=\"{&quot;aperture&quot;:&quot;7.1&quot;,&quot;credit&quot;:&quot;Robert Kubis&quot;,&quot;camera&quot;:&quot;Canon EOS 6D&quot;,&quot;caption&quot;:&quot;&quot;,&quot;created_timestamp&quot;:&quot;1385573846&quot;,&quot;copyright&quot;:&quot;All rights reserved. Distribution without consent prohibited!&quot;,&quot;focal_length&quot;:&quot;40&quot;,&quot;iso&quot;:&quot;400&quot;,&quot;shutter_speed&quot;:&quot;0.003125&quot;,&quot;title&quot;:&quot;&quot;}\" data-image-title=\"srt003\" data-image-description=\"\" data-medium-file=\"https:\/\/i0.wp.com\/www.springfield-racingteam.de\/wp-content\/uploads\/2013\/11\/srt00311.jpg?fit=300%2C200&#038;ssl=1\" data-large-file=\"https:\/\/i0.wp.com\/www.springfield-racingteam.de\/wp-content\/uploads\/2013\/11\/srt00311.jpg?fit=584%2C390&#038;ssl=1\" src=\"https:\/\/i0.wp.com\/www.springfield-racingteam.de\/wp-content\/uploads\/2013\/11\/srt00311.jpg?w=190&#038;h=126&#038;ssl=1\" srcset=\"https:\/\/i0.wp.com\/www.springfield-racingteam.de\/wp-content\/uploads\/2013\/11\/srt00311.jpg?w=1024&amp;ssl=1 1024w, https:\/\/i0.wp.com\/www.springfield-racingteam.de\/wp-content\/uploads\/2013\/11\/srt00311.jpg?resize=300%2C200&amp;ssl=1 300w, https:\/\/i0.wp.com\/www.springfield-racingteam.de\/wp-content\/uploads\/2013\/11\/srt00311.jpg?resize=449%2C300&amp;ssl=1 449w\" width=\"190\" height=\"126\" loading=\"lazy\" data-original-width=\"190\" data-original-height=\"126\" itemprop=\"http:\/\/schema.org\/image\" title=\"srt003\" alt=\"srt003\" style=\"width: 190px; height: 126px;\" \/> <\/a> <\/div> <\/div> <!-- close group --> <\/div> <!-- close row --> <div class=\"gallery-row\" style=\"width: 584px; height: 160px;\" data-original-width=\"584\" data-original-height=\"160\" > <div class=\"gallery-group images-1\" style=\"width: 238px; height: 160px;\" data-original-width=\"238\" data-original-height=\"160\" > <div class=\"tiled-gallery-item tiled-gallery-item-small\" itemprop=\"associatedMedia\" itemscope itemtype=\"http:\/\/schema.org\/ImageObject\"> <a href=\"https:\/\/www.springfield-racingteam.de\/?attachment_id=1429\" border=\"0\" itemprop=\"url\"> <meta itemprop=\"width\" content=\"234\"> <meta itemprop=\"height\" content=\"156\"> <img decoding=\"async\" class=\"\" data-attachment-id=\"1429\" data-orig-file=\"https:\/\/www.springfield-racingteam.de\/wp-content\/uploads\/2013\/11\/srt00411.jpg\" data-orig-size=\"1024,683\" data-comments-opened=\"1\" data-image-meta=\"{&quot;aperture&quot;:&quot;7.1&quot;,&quot;credit&quot;:&quot;Robert Kubis&quot;,&quot;camera&quot;:&quot;Canon EOS 6D&quot;,&quot;caption&quot;:&quot;&quot;,&quot;created_timestamp&quot;:&quot;1385574178&quot;,&quot;copyright&quot;:&quot;All rights reserved. Distribution without consent prohibited!&quot;,&quot;focal_length&quot;:&quot;24&quot;,&quot;iso&quot;:&quot;400&quot;,&quot;shutter_speed&quot;:&quot;0.0015625&quot;,&quot;title&quot;:&quot;&quot;}\" data-image-title=\"srt004\" data-image-description=\"\" data-medium-file=\"https:\/\/i0.wp.com\/www.springfield-racingteam.de\/wp-content\/uploads\/2013\/11\/srt00411.jpg?fit=300%2C200&#038;ssl=1\" data-large-file=\"https:\/\/i0.wp.com\/www.springfield-racingteam.de\/wp-content\/uploads\/2013\/11\/srt00411.jpg?fit=584%2C390&#038;ssl=1\" src=\"https:\/\/i0.wp.com\/www.springfield-racingteam.de\/wp-content\/uploads\/2013\/11\/srt00411.jpg?w=234&#038;h=156&#038;ssl=1\" srcset=\"https:\/\/i0.wp.com\/www.springfield-racingteam.de\/wp-content\/uploads\/2013\/11\/srt00411.jpg?w=1024&amp;ssl=1 1024w, https:\/\/i0.wp.com\/www.springfield-racingteam.de\/wp-content\/uploads\/2013\/11\/srt00411.jpg?resize=300%2C200&amp;ssl=1 300w, https:\/\/i0.wp.com\/www.springfield-racingteam.de\/wp-content\/uploads\/2013\/11\/srt00411.jpg?resize=449%2C300&amp;ssl=1 449w\" width=\"234\" height=\"156\" loading=\"lazy\" data-original-width=\"234\" data-original-height=\"156\" itemprop=\"http:\/\/schema.org\/image\" title=\"srt004\" alt=\"srt004\" style=\"width: 234px; height: 156px;\" \/> <\/a> <\/div> <\/div> <!-- close group --> <div class=\"gallery-group images-1\" style=\"width: 108px; height: 160px;\" data-original-width=\"108\" data-original-height=\"160\" > <div class=\"tiled-gallery-item tiled-gallery-item-small\" itemprop=\"associatedMedia\" itemscope itemtype=\"http:\/\/schema.org\/ImageObject\"> <a href=\"https:\/\/www.springfield-racingteam.de\/?attachment_id=1427\" border=\"0\" itemprop=\"url\"> <meta itemprop=\"width\" content=\"104\"> <meta itemprop=\"height\" content=\"156\"> <img decoding=\"async\" class=\"\" data-attachment-id=\"1427\" data-orig-file=\"https:\/\/www.springfield-racingteam.de\/wp-content\/uploads\/2013\/11\/srt00212.jpg\" data-orig-size=\"683,1024\" data-comments-opened=\"1\" data-image-meta=\"{&quot;aperture&quot;:&quot;7.1&quot;,&quot;credit&quot;:&quot;Robert Kubis&quot;,&quot;camera&quot;:&quot;Canon EOS 6D&quot;,&quot;caption&quot;:&quot;&quot;,&quot;created_timestamp&quot;:&quot;1385572760&quot;,&quot;copyright&quot;:&quot;All rights reserved. Distribution without consent prohibited!&quot;,&quot;focal_length&quot;:&quot;24&quot;,&quot;iso&quot;:&quot;400&quot;,&quot;shutter_speed&quot;:&quot;0.002&quot;,&quot;title&quot;:&quot;&quot;}\" data-image-title=\"srt002\" data-image-description=\"\" data-medium-file=\"https:\/\/i0.wp.com\/www.springfield-racingteam.de\/wp-content\/uploads\/2013\/11\/srt00212.jpg?fit=200%2C300&#038;ssl=1\" data-large-file=\"https:\/\/i0.wp.com\/www.springfield-racingteam.de\/wp-content\/uploads\/2013\/11\/srt00212.jpg?fit=584%2C876&#038;ssl=1\" src=\"https:\/\/i0.wp.com\/www.springfield-racingteam.de\/wp-content\/uploads\/2013\/11\/srt00212.jpg?w=104&#038;h=156&#038;ssl=1\" srcset=\"https:\/\/i0.wp.com\/www.springfield-racingteam.de\/wp-content\/uploads\/2013\/11\/srt00212.jpg?w=683&amp;ssl=1 683w, https:\/\/i0.wp.com\/www.springfield-racingteam.de\/wp-content\/uploads\/2013\/11\/srt00212.jpg?resize=200%2C300&amp;ssl=1 200w\" width=\"104\" height=\"156\" loading=\"lazy\" data-original-width=\"104\" data-original-height=\"156\" itemprop=\"http:\/\/schema.org\/image\" title=\"srt002\" alt=\"srt002\" style=\"width: 104px; height: 156px;\" \/> <\/a> <\/div> <\/div> <!-- close group --> <div class=\"gallery-group images-1\" style=\"width: 238px; height: 160px;\" data-original-width=\"238\" data-original-height=\"160\" > <div class=\"tiled-gallery-item tiled-gallery-item-small\" itemprop=\"associatedMedia\" itemscope itemtype=\"http:\/\/schema.org\/ImageObject\"> <a href=\"https:\/\/www.springfield-racingteam.de\/?attachment_id=1431\" border=\"0\" itemprop=\"url\"> <meta itemprop=\"width\" content=\"234\"> <meta itemprop=\"height\" content=\"156\"> <img decoding=\"async\" class=\"\" data-attachment-id=\"1431\" data-orig-file=\"https:\/\/www.springfield-racingteam.de\/wp-content\/uploads\/2013\/11\/srt00611.jpg\" data-orig-size=\"1024,683\" data-comments-opened=\"1\" data-image-meta=\"{&quot;aperture&quot;:&quot;7.1&quot;,&quot;credit&quot;:&quot;Robert Kubis&quot;,&quot;camera&quot;:&quot;Canon EOS 6D&quot;,&quot;caption&quot;:&quot;&quot;,&quot;created_timestamp&quot;:&quot;1385574725&quot;,&quot;copyright&quot;:&quot;All rights reserved. Distribution without consent prohibited!&quot;,&quot;focal_length&quot;:&quot;24&quot;,&quot;iso&quot;:&quot;400&quot;,&quot;shutter_speed&quot;:&quot;0.005&quot;,&quot;title&quot;:&quot;&quot;}\" data-image-title=\"srt006\" data-image-description=\"\" data-medium-file=\"https:\/\/i0.wp.com\/www.springfield-racingteam.de\/wp-content\/uploads\/2013\/11\/srt00611.jpg?fit=300%2C200&#038;ssl=1\" data-large-file=\"https:\/\/i0.wp.com\/www.springfield-racingteam.de\/wp-content\/uploads\/2013\/11\/srt00611.jpg?fit=584%2C390&#038;ssl=1\" src=\"https:\/\/i0.wp.com\/www.springfield-racingteam.de\/wp-content\/uploads\/2013\/11\/srt00611.jpg?w=234&#038;h=156&#038;ssl=1\" srcset=\"https:\/\/i0.wp.com\/www.springfield-racingteam.de\/wp-content\/uploads\/2013\/11\/srt00611.jpg?w=1024&amp;ssl=1 1024w, https:\/\/i0.wp.com\/www.springfield-racingteam.de\/wp-content\/uploads\/2013\/11\/srt00611.jpg?resize=300%2C200&amp;ssl=1 300w, https:\/\/i0.wp.com\/www.springfield-racingteam.de\/wp-content\/uploads\/2013\/11\/srt00611.jpg?resize=449%2C300&amp;ssl=1 449w\" width=\"234\" height=\"156\" loading=\"lazy\" data-original-width=\"234\" data-original-height=\"156\" itemprop=\"http:\/\/schema.org\/image\" title=\"srt006\" alt=\"srt006\" style=\"width: 234px; height: 156px;\" \/> <\/a> <\/div> <\/div> <!-- close group --> <\/div> <!-- close row --> <div class=\"gallery-row\" style=\"width: 584px; height: 196px;\" data-original-width=\"584\" data-original-height=\"196\" > <div class=\"gallery-group images-1\" style=\"width: 292px; height: 196px;\" data-original-width=\"292\" data-original-height=\"196\" > <div class=\"tiled-gallery-item tiled-gallery-item-large\" itemprop=\"associatedMedia\" itemscope itemtype=\"http:\/\/schema.org\/ImageObject\"> <a href=\"https:\/\/www.springfield-racingteam.de\/?attachment_id=1430\" border=\"0\" itemprop=\"url\"> <meta itemprop=\"width\" content=\"288\"> <meta itemprop=\"height\" content=\"192\"> <img decoding=\"async\" class=\"\" data-attachment-id=\"1430\" data-orig-file=\"https:\/\/www.springfield-racingteam.de\/wp-content\/uploads\/2013\/11\/srt00511.jpg\" data-orig-size=\"1024,683\" data-comments-opened=\"1\" data-image-meta=\"{&quot;aperture&quot;:&quot;7.1&quot;,&quot;credit&quot;:&quot;Robert Kubis&quot;,&quot;camera&quot;:&quot;Canon EOS 6D&quot;,&quot;caption&quot;:&quot;&quot;,&quot;created_timestamp&quot;:&quot;1385574515&quot;,&quot;copyright&quot;:&quot;All rights reserved. Distribution without consent prohibited!&quot;,&quot;focal_length&quot;:&quot;24&quot;,&quot;iso&quot;:&quot;400&quot;,&quot;shutter_speed&quot;:&quot;0.0025&quot;,&quot;title&quot;:&quot;&quot;}\" data-image-title=\"srt005\" data-image-description=\"\" data-medium-file=\"https:\/\/i0.wp.com\/www.springfield-racingteam.de\/wp-content\/uploads\/2013\/11\/srt00511.jpg?fit=300%2C200&#038;ssl=1\" data-large-file=\"https:\/\/i0.wp.com\/www.springfield-racingteam.de\/wp-content\/uploads\/2013\/11\/srt00511.jpg?fit=584%2C390&#038;ssl=1\" src=\"https:\/\/i0.wp.com\/www.springfield-racingteam.de\/wp-content\/uploads\/2013\/11\/srt00511.jpg?w=288&#038;h=192&#038;ssl=1\" srcset=\"https:\/\/i0.wp.com\/www.springfield-racingteam.de\/wp-content\/uploads\/2013\/11\/srt00511.jpg?w=1024&amp;ssl=1 1024w, https:\/\/i0.wp.com\/www.springfield-racingteam.de\/wp-content\/uploads\/2013\/11\/srt00511.jpg?resize=300%2C200&amp;ssl=1 300w, https:\/\/i0.wp.com\/www.springfield-racingteam.de\/wp-content\/uploads\/2013\/11\/srt00511.jpg?resize=449%2C300&amp;ssl=1 449w\" width=\"288\" height=\"192\" loading=\"lazy\" data-original-width=\"288\" data-original-height=\"192\" itemprop=\"http:\/\/schema.org\/image\" title=\"srt005\" alt=\"srt005\" style=\"width: 288px; height: 192px;\" \/> <\/a> <\/div> <\/div> <!-- close group --> <div class=\"gallery-group images-1\" style=\"width: 292px; height: 196px;\" data-original-width=\"292\" data-original-height=\"196\" > <div class=\"tiled-gallery-item tiled-gallery-item-large\" itemprop=\"associatedMedia\" itemscope itemtype=\"http:\/\/schema.org\/ImageObject\"> <a href=\"https:\/\/www.springfield-racingteam.de\/?attachment_id=1432\" border=\"0\" itemprop=\"url\"> <meta itemprop=\"width\" content=\"288\"> <meta itemprop=\"height\" content=\"192\"> <img decoding=\"async\" class=\"\" data-attachment-id=\"1432\" data-orig-file=\"https:\/\/www.springfield-racingteam.de\/wp-content\/uploads\/2013\/11\/srt00711.jpg\" data-orig-size=\"1024,683\" data-comments-opened=\"1\" data-image-meta=\"{&quot;aperture&quot;:&quot;7.1&quot;,&quot;credit&quot;:&quot;Robert Kubis&quot;,&quot;camera&quot;:&quot;Canon EOS 6D&quot;,&quot;caption&quot;:&quot;&quot;,&quot;created_timestamp&quot;:&quot;1385575063&quot;,&quot;copyright&quot;:&quot;All rights reserved. Distribution without consent prohibited!&quot;,&quot;focal_length&quot;:&quot;84&quot;,&quot;iso&quot;:&quot;400&quot;,&quot;shutter_speed&quot;:&quot;0.0008&quot;,&quot;title&quot;:&quot;&quot;}\" data-image-title=\"srt007\" data-image-description=\"\" data-medium-file=\"https:\/\/i0.wp.com\/www.springfield-racingteam.de\/wp-content\/uploads\/2013\/11\/srt00711.jpg?fit=300%2C200&#038;ssl=1\" data-large-file=\"https:\/\/i0.wp.com\/www.springfield-racingteam.de\/wp-content\/uploads\/2013\/11\/srt00711.jpg?fit=584%2C390&#038;ssl=1\" src=\"https:\/\/i0.wp.com\/www.springfield-racingteam.de\/wp-content\/uploads\/2013\/11\/srt00711.jpg?w=288&#038;h=192&#038;ssl=1\" srcset=\"https:\/\/i0.wp.com\/www.springfield-racingteam.de\/wp-content\/uploads\/2013\/11\/srt00711.jpg?w=1024&amp;ssl=1 1024w, https:\/\/i0.wp.com\/www.springfield-racingteam.de\/wp-content\/uploads\/2013\/11\/srt00711.jpg?resize=300%2C200&amp;ssl=1 300w, https:\/\/i0.wp.com\/www.springfield-racingteam.de\/wp-content\/uploads\/2013\/11\/srt00711.jpg?resize=449%2C300&amp;ssl=1 449w\" width=\"288\" height=\"192\" loading=\"lazy\" data-original-width=\"288\" data-original-height=\"192\" itemprop=\"http:\/\/schema.org\/image\" title=\"srt007\" alt=\"srt007\" style=\"width: 288px; height: 192px;\" \/> <\/a> <\/div> <\/div> <!-- close group --> <\/div> <!-- close row --> <\/div>\n","protected":false},"excerpt":{"rendered":"<p>Heute war Ruhetag! Ruhetag im wahrsten Sinne des Wortes. Nach einem kleinen Fr\u00fchst\u00fcck vom Campingplatz (Fr\u00fchst\u00fcck bedeutet hier ein halbes Baguette, ein kleines St\u00fcckchen Butter, eine abgepackte Marmelade, ein St\u00fcckchen K\u00e4se und ein Croissant plus Kaffee und Orangensaft, naja besser &hellip; <a href=\"https:\/\/www.springfield-racingteam.de\/?p=1424\">Weiterlesen <span class=\"meta-nav\">&rarr;<\/span><\/a><\/p>\n","protected":false},"author":6,"featured_media":0,"comment_status":"open","ping_status":"closed","sticky":false,"template":"","format":"standard","meta":{"_jetpack_memberships_contains_paid_content":false,"footnotes":""},"categories":[14],"tags":[],"class_list":["post-1424","post","type-post","status-publish","format-standard","hentry","category-rallye2013"],"jetpack_featured_media_url":"","jetpack_sharing_enabled":true,"_links":{"self":[{"href":"https:\/\/www.springfield-racingteam.de\/index.php?rest_route=\/wp\/v2\/posts\/1424","targetHints":{"allow":["GET"]}}],"collection":[{"href":"https:\/\/www.springfield-racingteam.de\/index.php?rest_route=\/wp\/v2\/posts"}],"about":[{"href":"https:\/\/www.springfield-racingteam.de\/index.php?rest_route=\/wp\/v2\/types\/post"}],"author":[{"embeddable":true,"href":"https:\/\/www.springfield-racingteam.de\/index.php?rest_route=\/wp\/v2\/users\/6"}],"replies":[{"embeddable":true,"href":"https:\/\/www.springfield-racingteam.de\/index.php?rest_route=%2Fwp%2Fv2%2Fcomments&post=1424"}],"version-history":[{"count":6,"href":"https:\/\/www.springfield-racingteam.de\/index.php?rest_route=\/wp\/v2\/posts\/1424\/revisions"}],"predecessor-version":[{"id":1629,"href":"https:\/\/www.springfield-racingteam.de\/index.php?rest_route=\/wp\/v2\/posts\/1424\/revisions\/1629"}],"wp:attachment":[{"href":"https:\/\/www.springfield-racingteam.de\/index.php?rest_route=%2Fwp%2Fv2%2Fmedia&parent=1424"}],"wp:term":[{"taxonomy":"category","embeddable":true,"href":"https:\/\/www.springfield-racingteam.de\/index.php?rest_route=%2Fwp%2Fv2%2Fcategories&post=1424"},{"taxonomy":"post_tag","embeddable":true,"href":"https:\/\/www.springfield-racingteam.de\/index.php?rest_route=%2Fwp%2Fv2%2Ftags&post=1424"}],"curies":[{"name":"wp","href":"https:\/\/api.w.org\/{rel}","templated":true}]}}