{"id":1483,"date":"2013-12-02T20:09:38","date_gmt":"2013-12-02T19:09:38","guid":{"rendered":"http:\/\/springfield-racingteam.de\/?p=1483"},"modified":"2015-08-26T15:44:09","modified_gmt":"2015-08-26T14:44:09","slug":"tag-3-banjul","status":"publish","type":"post","link":"https:\/\/www.springfield-racingteam.de\/?p=1483","title":{"rendered":"Tag 3: Banjul"},"content":{"rendered":"<p>Heute wird es ernst mit Charity-Gedanken und die Versteigerung der Autos beginnt mit dem Sammeln aller Autos 9 Uhr vor dem Hotel! Im gewohnten Konvoi fahren wir zum Stadion, wo schon eine Reihe von einheimischen H\u00e4ndlern und ausgewanderten Europ\u00e4ern auf die Autos warten. Etwa eine Stunde werden die Autos begutachtet und jeder versucht so gut es geht sein Auto anzupreisen und zu erkl\u00e4ren warum es das Beste ist, was es hier gibt ;). 11 Uhr die Versteigerung beginnt. Wir sind recht sp\u00e4t dran etwa 14 Uhr und erl\u00f6sen f\u00fcr den Bus 61000 Dalalis (etwa 1150 Euro) und 64000 Dalasis (1280 Euro) f\u00fcr den Golf. Wir sind bedingt zufrieden, da unser sch\u00f6nes Wohnmobil eigentlich mehr Wert w\u00e4re aber die einheimischen Gambianer leider nicht viel damit anfangen k\u00f6nnen. Um so mehr freuen wir uns um die doch recht gro\u00dfe Summe f\u00fcr den Golf! Ich habe Gl\u00fcck denn mein Motorrad ist von der Versteigerung ausgenommen und mir wurde versichert, dass es leider hier nicht viel Geld bringen w\u00fcrde. Aber Heinz (Chef der NGO) hat sich bereit erkl\u00e4rt mein Motorrad im M\u00e4rz wieder nach Deutschland im Transporter mit nach Hause zu bringen! Ich bin froh und kann mein Sch\u00e4tzchen zu Hause weiter fahren. Nach der Versteigerung geht es zum Heinz ins Blue Kitchen und wir erfahren, dass diese Versteigerung mal wieder ein neuer Rekord f\u00fcr die November-Rallye ist und wir einen Gesamterl\u00f6s von 3 Million 770 Tausend Dalasis bekommen haben. Das entspricht etwa 72500 Euro f\u00fcr die Organistion und wir sind alle froh! Nach einem leckeren Abendessen lassen wir uns alle in einer einheimischen Bar feiern und gehen mal wieder sp\u00e4t zu Bett.<br \/>\n<div class=\"tiled-gallery type-rectangular tiled-gallery-unresized\" data-original-width=\"584\" data-carousel-extra='null' itemscope itemtype=\"http:\/\/schema.org\/ImageGallery\" > <div class=\"gallery-row\" style=\"width: 584px; height: 261px;\" data-original-width=\"584\" data-original-height=\"261\" > <div class=\"gallery-group images-1\" style=\"width: 390px; height: 261px;\" data-original-width=\"390\" data-original-height=\"261\" > <div class=\"tiled-gallery-item tiled-gallery-item-large\" itemprop=\"associatedMedia\" itemscope itemtype=\"http:\/\/schema.org\/ImageObject\"> <a href=\"https:\/\/www.springfield-racingteam.de\/?attachment_id=1492\" border=\"0\" itemprop=\"url\"> <meta itemprop=\"width\" content=\"386\"> <meta itemprop=\"height\" content=\"257\"> <img decoding=\"async\" class=\"\" data-attachment-id=\"1492\" data-orig-file=\"https:\/\/www.springfield-racingteam.de\/wp-content\/uploads\/2013\/12\/srt0071.jpg\" data-orig-size=\"1024,683\" data-comments-opened=\"1\" data-image-meta=\"{&quot;aperture&quot;:&quot;7.1&quot;,&quot;credit&quot;:&quot;Robert Kubis&quot;,&quot;camera&quot;:&quot;Canon EOS 6D&quot;,&quot;caption&quot;:&quot;&quot;,&quot;created_timestamp&quot;:&quot;1385920919&quot;,&quot;copyright&quot;:&quot;All rights reserved. Distribution without consent prohibited!&quot;,&quot;focal_length&quot;:&quot;60&quot;,&quot;iso&quot;:&quot;5000&quot;,&quot;shutter_speed&quot;:&quot;0.01&quot;,&quot;title&quot;:&quot;&quot;}\" data-image-title=\"srt007\" data-image-description=\"\" data-medium-file=\"https:\/\/i0.wp.com\/www.springfield-racingteam.de\/wp-content\/uploads\/2013\/12\/srt0071.jpg?fit=300%2C200&#038;ssl=1\" data-large-file=\"https:\/\/i0.wp.com\/www.springfield-racingteam.de\/wp-content\/uploads\/2013\/12\/srt0071.jpg?fit=584%2C390&#038;ssl=1\" src=\"https:\/\/i0.wp.com\/www.springfield-racingteam.de\/wp-content\/uploads\/2013\/12\/srt0071.jpg?w=386&#038;h=257&#038;ssl=1\" srcset=\"https:\/\/i0.wp.com\/www.springfield-racingteam.de\/wp-content\/uploads\/2013\/12\/srt0071.jpg?w=1024&amp;ssl=1 1024w, https:\/\/i0.wp.com\/www.springfield-racingteam.de\/wp-content\/uploads\/2013\/12\/srt0071.jpg?resize=300%2C200&amp;ssl=1 300w, https:\/\/i0.wp.com\/www.springfield-racingteam.de\/wp-content\/uploads\/2013\/12\/srt0071.jpg?resize=449%2C300&amp;ssl=1 449w\" width=\"386\" height=\"257\" loading=\"lazy\" data-original-width=\"386\" data-original-height=\"257\" itemprop=\"http:\/\/schema.org\/image\" title=\"srt007\" alt=\"srt007\" style=\"width: 386px; height: 257px;\" \/> <\/a> <\/div> <\/div> <!-- close group --> <div class=\"gallery-group images-2\" style=\"width: 194px; height: 261px;\" data-original-width=\"194\" data-original-height=\"261\" > <div class=\"tiled-gallery-item tiled-gallery-item-small\" itemprop=\"associatedMedia\" itemscope itemtype=\"http:\/\/schema.org\/ImageObject\"> <a href=\"https:\/\/www.springfield-racingteam.de\/?attachment_id=1491\" border=\"0\" itemprop=\"url\"> <meta itemprop=\"width\" content=\"190\"> <meta itemprop=\"height\" content=\"127\"> <img decoding=\"async\" class=\"\" data-attachment-id=\"1491\" data-orig-file=\"https:\/\/www.springfield-racingteam.de\/wp-content\/uploads\/2013\/12\/srt0061.jpg\" data-orig-size=\"1024,683\" data-comments-opened=\"1\" data-image-meta=\"{&quot;aperture&quot;:&quot;10&quot;,&quot;credit&quot;:&quot;Robert Kubis&quot;,&quot;camera&quot;:&quot;Canon EOS 6D&quot;,&quot;caption&quot;:&quot;&quot;,&quot;created_timestamp&quot;:&quot;1385910834&quot;,&quot;copyright&quot;:&quot;All rights reserved. Distribution without consent prohibited!&quot;,&quot;focal_length&quot;:&quot;24&quot;,&quot;iso&quot;:&quot;100&quot;,&quot;shutter_speed&quot;:&quot;0.005&quot;,&quot;title&quot;:&quot;&quot;}\" data-image-title=\"srt006\" data-image-description=\"\" data-medium-file=\"https:\/\/i0.wp.com\/www.springfield-racingteam.de\/wp-content\/uploads\/2013\/12\/srt0061.jpg?fit=300%2C200&#038;ssl=1\" data-large-file=\"https:\/\/i0.wp.com\/www.springfield-racingteam.de\/wp-content\/uploads\/2013\/12\/srt0061.jpg?fit=584%2C390&#038;ssl=1\" src=\"https:\/\/i0.wp.com\/www.springfield-racingteam.de\/wp-content\/uploads\/2013\/12\/srt0061.jpg?w=190&#038;h=127&#038;ssl=1\" srcset=\"https:\/\/i0.wp.com\/www.springfield-racingteam.de\/wp-content\/uploads\/2013\/12\/srt0061.jpg?w=1024&amp;ssl=1 1024w, https:\/\/i0.wp.com\/www.springfield-racingteam.de\/wp-content\/uploads\/2013\/12\/srt0061.jpg?resize=300%2C200&amp;ssl=1 300w, https:\/\/i0.wp.com\/www.springfield-racingteam.de\/wp-content\/uploads\/2013\/12\/srt0061.jpg?resize=449%2C300&amp;ssl=1 449w\" width=\"190\" height=\"127\" loading=\"lazy\" data-original-width=\"190\" data-original-height=\"127\" itemprop=\"http:\/\/schema.org\/image\" title=\"srt006\" alt=\"srt006\" style=\"width: 190px; height: 127px;\" \/> <\/a> <\/div> <div class=\"tiled-gallery-item tiled-gallery-item-small\" itemprop=\"associatedMedia\" itemscope itemtype=\"http:\/\/schema.org\/ImageObject\"> <a href=\"https:\/\/www.springfield-racingteam.de\/?attachment_id=1490\" border=\"0\" itemprop=\"url\"> <meta itemprop=\"width\" content=\"190\"> <meta itemprop=\"height\" content=\"126\"> <img decoding=\"async\" class=\"\" data-attachment-id=\"1490\" data-orig-file=\"https:\/\/www.springfield-racingteam.de\/wp-content\/uploads\/2013\/12\/srt0052.jpg\" data-orig-size=\"1024,683\" data-comments-opened=\"1\" data-image-meta=\"{&quot;aperture&quot;:&quot;10&quot;,&quot;credit&quot;:&quot;Robert Kubis&quot;,&quot;camera&quot;:&quot;Canon EOS 6D&quot;,&quot;caption&quot;:&quot;&quot;,&quot;created_timestamp&quot;:&quot;1385909195&quot;,&quot;copyright&quot;:&quot;All rights reserved. Distribution without consent prohibited!&quot;,&quot;focal_length&quot;:&quot;60&quot;,&quot;iso&quot;:&quot;100&quot;,&quot;shutter_speed&quot;:&quot;0.00625&quot;,&quot;title&quot;:&quot;&quot;}\" data-image-title=\"srt005\" data-image-description=\"\" data-medium-file=\"https:\/\/i0.wp.com\/www.springfield-racingteam.de\/wp-content\/uploads\/2013\/12\/srt0052.jpg?fit=300%2C200&#038;ssl=1\" data-large-file=\"https:\/\/i0.wp.com\/www.springfield-racingteam.de\/wp-content\/uploads\/2013\/12\/srt0052.jpg?fit=584%2C390&#038;ssl=1\" src=\"https:\/\/i0.wp.com\/www.springfield-racingteam.de\/wp-content\/uploads\/2013\/12\/srt0052.jpg?w=190&#038;h=126&#038;ssl=1\" srcset=\"https:\/\/i0.wp.com\/www.springfield-racingteam.de\/wp-content\/uploads\/2013\/12\/srt0052.jpg?w=1024&amp;ssl=1 1024w, https:\/\/i0.wp.com\/www.springfield-racingteam.de\/wp-content\/uploads\/2013\/12\/srt0052.jpg?resize=300%2C200&amp;ssl=1 300w, https:\/\/i0.wp.com\/www.springfield-racingteam.de\/wp-content\/uploads\/2013\/12\/srt0052.jpg?resize=449%2C300&amp;ssl=1 449w\" width=\"190\" height=\"126\" loading=\"lazy\" data-original-width=\"190\" data-original-height=\"126\" itemprop=\"http:\/\/schema.org\/image\" title=\"srt005\" alt=\"srt005\" style=\"width: 190px; height: 126px;\" \/> <\/a> <\/div> <\/div> <!-- close group --> <\/div> <!-- close row --> <div class=\"gallery-row\" style=\"width: 584px; height: 261px;\" data-original-width=\"584\" data-original-height=\"261\" > <div class=\"gallery-group images-2\" style=\"width: 194px; height: 261px;\" data-original-width=\"194\" data-original-height=\"261\" > <div class=\"tiled-gallery-item tiled-gallery-item-small\" itemprop=\"associatedMedia\" itemscope itemtype=\"http:\/\/schema.org\/ImageObject\"> <a href=\"https:\/\/www.springfield-racingteam.de\/?attachment_id=1489\" border=\"0\" itemprop=\"url\"> <meta itemprop=\"width\" content=\"190\"> <meta itemprop=\"height\" content=\"127\"> <img decoding=\"async\" class=\"\" data-attachment-id=\"1489\" data-orig-file=\"https:\/\/www.springfield-racingteam.de\/wp-content\/uploads\/2013\/12\/srt0042.jpg\" data-orig-size=\"1024,683\" data-comments-opened=\"1\" data-image-meta=\"{&quot;aperture&quot;:&quot;6.3&quot;,&quot;credit&quot;:&quot;Robert Kubis&quot;,&quot;camera&quot;:&quot;Canon EOS 6D&quot;,&quot;caption&quot;:&quot;&quot;,&quot;created_timestamp&quot;:&quot;1385905236&quot;,&quot;copyright&quot;:&quot;All rights reserved. Distribution without consent prohibited!&quot;,&quot;focal_length&quot;:&quot;58&quot;,&quot;iso&quot;:&quot;100&quot;,&quot;shutter_speed&quot;:&quot;0.001&quot;,&quot;title&quot;:&quot;&quot;}\" data-image-title=\"srt004\" data-image-description=\"\" data-medium-file=\"https:\/\/i0.wp.com\/www.springfield-racingteam.de\/wp-content\/uploads\/2013\/12\/srt0042.jpg?fit=300%2C200&#038;ssl=1\" data-large-file=\"https:\/\/i0.wp.com\/www.springfield-racingteam.de\/wp-content\/uploads\/2013\/12\/srt0042.jpg?fit=584%2C390&#038;ssl=1\" src=\"https:\/\/i0.wp.com\/www.springfield-racingteam.de\/wp-content\/uploads\/2013\/12\/srt0042.jpg?w=190&#038;h=127&#038;ssl=1\" srcset=\"https:\/\/i0.wp.com\/www.springfield-racingteam.de\/wp-content\/uploads\/2013\/12\/srt0042.jpg?w=1024&amp;ssl=1 1024w, https:\/\/i0.wp.com\/www.springfield-racingteam.de\/wp-content\/uploads\/2013\/12\/srt0042.jpg?resize=300%2C200&amp;ssl=1 300w, https:\/\/i0.wp.com\/www.springfield-racingteam.de\/wp-content\/uploads\/2013\/12\/srt0042.jpg?resize=449%2C300&amp;ssl=1 449w\" width=\"190\" height=\"127\" loading=\"lazy\" data-original-width=\"190\" data-original-height=\"127\" itemprop=\"http:\/\/schema.org\/image\" title=\"srt004\" alt=\"srt004\" style=\"width: 190px; height: 127px;\" \/> <\/a> <\/div> <div class=\"tiled-gallery-item tiled-gallery-item-small\" itemprop=\"associatedMedia\" itemscope itemtype=\"http:\/\/schema.org\/ImageObject\"> <a href=\"https:\/\/www.springfield-racingteam.de\/?attachment_id=1488\" border=\"0\" itemprop=\"url\"> <meta itemprop=\"width\" content=\"190\"> <meta itemprop=\"height\" content=\"126\"> <img decoding=\"async\" class=\"\" data-attachment-id=\"1488\" data-orig-file=\"https:\/\/www.springfield-racingteam.de\/wp-content\/uploads\/2013\/12\/srt0032.jpg\" data-orig-size=\"1024,683\" data-comments-opened=\"1\" data-image-meta=\"{&quot;aperture&quot;:&quot;4&quot;,&quot;credit&quot;:&quot;Robert Kubis&quot;,&quot;camera&quot;:&quot;Canon EOS 6D&quot;,&quot;caption&quot;:&quot;&quot;,&quot;created_timestamp&quot;:&quot;1385893067&quot;,&quot;copyright&quot;:&quot;All rights reserved. Distribution without consent prohibited!&quot;,&quot;focal_length&quot;:&quot;24&quot;,&quot;iso&quot;:&quot;100&quot;,&quot;shutter_speed&quot;:&quot;0.000625&quot;,&quot;title&quot;:&quot;&quot;}\" data-image-title=\"srt003\" data-image-description=\"\" data-medium-file=\"https:\/\/i0.wp.com\/www.springfield-racingteam.de\/wp-content\/uploads\/2013\/12\/srt0032.jpg?fit=300%2C200&#038;ssl=1\" data-large-file=\"https:\/\/i0.wp.com\/www.springfield-racingteam.de\/wp-content\/uploads\/2013\/12\/srt0032.jpg?fit=584%2C390&#038;ssl=1\" src=\"https:\/\/i0.wp.com\/www.springfield-racingteam.de\/wp-content\/uploads\/2013\/12\/srt0032.jpg?w=190&#038;h=126&#038;ssl=1\" srcset=\"https:\/\/i0.wp.com\/www.springfield-racingteam.de\/wp-content\/uploads\/2013\/12\/srt0032.jpg?w=1024&amp;ssl=1 1024w, https:\/\/i0.wp.com\/www.springfield-racingteam.de\/wp-content\/uploads\/2013\/12\/srt0032.jpg?resize=300%2C200&amp;ssl=1 300w, https:\/\/i0.wp.com\/www.springfield-racingteam.de\/wp-content\/uploads\/2013\/12\/srt0032.jpg?resize=449%2C300&amp;ssl=1 449w\" width=\"190\" height=\"126\" loading=\"lazy\" data-original-width=\"190\" data-original-height=\"126\" itemprop=\"http:\/\/schema.org\/image\" title=\"srt003\" alt=\"srt003\" style=\"width: 190px; height: 126px;\" \/> <\/a> <\/div> <\/div> <!-- close group --> <div class=\"gallery-group images-1\" style=\"width: 390px; height: 261px;\" data-original-width=\"390\" data-original-height=\"261\" > <div class=\"tiled-gallery-item tiled-gallery-item-large\" itemprop=\"associatedMedia\" itemscope itemtype=\"http:\/\/schema.org\/ImageObject\"> <a href=\"https:\/\/www.springfield-racingteam.de\/?attachment_id=1487\" border=\"0\" itemprop=\"url\"> <meta itemprop=\"width\" content=\"386\"> <meta itemprop=\"height\" content=\"257\"> <img decoding=\"async\" class=\"\" data-attachment-id=\"1487\" data-orig-file=\"https:\/\/www.springfield-racingteam.de\/wp-content\/uploads\/2013\/12\/srt0023.jpg\" data-orig-size=\"1024,683\" data-comments-opened=\"1\" data-image-meta=\"{&quot;aperture&quot;:&quot;4&quot;,&quot;credit&quot;:&quot;Robert Kubis&quot;,&quot;camera&quot;:&quot;Canon EOS 6D&quot;,&quot;caption&quot;:&quot;&quot;,&quot;created_timestamp&quot;:&quot;1385892914&quot;,&quot;copyright&quot;:&quot;All rights reserved. Distribution without consent prohibited!&quot;,&quot;focal_length&quot;:&quot;40&quot;,&quot;iso&quot;:&quot;100&quot;,&quot;shutter_speed&quot;:&quot;0.003125&quot;,&quot;title&quot;:&quot;&quot;}\" data-image-title=\"srt002\" data-image-description=\"\" data-medium-file=\"https:\/\/i0.wp.com\/www.springfield-racingteam.de\/wp-content\/uploads\/2013\/12\/srt0023.jpg?fit=300%2C200&#038;ssl=1\" data-large-file=\"https:\/\/i0.wp.com\/www.springfield-racingteam.de\/wp-content\/uploads\/2013\/12\/srt0023.jpg?fit=584%2C390&#038;ssl=1\" src=\"https:\/\/i0.wp.com\/www.springfield-racingteam.de\/wp-content\/uploads\/2013\/12\/srt0023.jpg?w=386&#038;h=257&#038;ssl=1\" srcset=\"https:\/\/i0.wp.com\/www.springfield-racingteam.de\/wp-content\/uploads\/2013\/12\/srt0023.jpg?w=1024&amp;ssl=1 1024w, https:\/\/i0.wp.com\/www.springfield-racingteam.de\/wp-content\/uploads\/2013\/12\/srt0023.jpg?resize=300%2C200&amp;ssl=1 300w, https:\/\/i0.wp.com\/www.springfield-racingteam.de\/wp-content\/uploads\/2013\/12\/srt0023.jpg?resize=449%2C300&amp;ssl=1 449w\" width=\"386\" height=\"257\" loading=\"lazy\" data-original-width=\"386\" data-original-height=\"257\" itemprop=\"http:\/\/schema.org\/image\" title=\"srt002\" alt=\"srt002\" style=\"width: 386px; height: 257px;\" \/> <\/a> <\/div> <\/div> <!-- close group --> <\/div> <!-- close row --> <div class=\"gallery-row\" style=\"width: 584px; height: 131px;\" data-original-width=\"584\" data-original-height=\"131\" > <div class=\"gallery-group images-1\" style=\"width: 195px; height: 131px;\" data-original-width=\"195\" data-original-height=\"131\" > <div class=\"tiled-gallery-item tiled-gallery-item-small\" itemprop=\"associatedMedia\" itemscope itemtype=\"http:\/\/schema.org\/ImageObject\"> <a href=\"https:\/\/www.springfield-racingteam.de\/?attachment_id=1486\" border=\"0\" itemprop=\"url\"> <meta itemprop=\"width\" content=\"191\"> <meta itemprop=\"height\" content=\"127\"> <img decoding=\"async\" class=\"\" data-attachment-id=\"1486\" data-orig-file=\"https:\/\/www.springfield-racingteam.de\/wp-content\/uploads\/2013\/12\/srt0013.jpg\" data-orig-size=\"1024,683\" data-comments-opened=\"1\" data-image-meta=\"{&quot;aperture&quot;:&quot;7.1&quot;,&quot;credit&quot;:&quot;Robert Kubis&quot;,&quot;camera&quot;:&quot;Canon EOS 6D&quot;,&quot;caption&quot;:&quot;&quot;,&quot;created_timestamp&quot;:&quot;1385891370&quot;,&quot;copyright&quot;:&quot;All rights reserved. Distribution without consent prohibited!&quot;,&quot;focal_length&quot;:&quot;28&quot;,&quot;iso&quot;:&quot;100&quot;,&quot;shutter_speed&quot;:&quot;0.008&quot;,&quot;title&quot;:&quot;&quot;}\" data-image-title=\"srt001\" data-image-description=\"\" data-medium-file=\"https:\/\/i0.wp.com\/www.springfield-racingteam.de\/wp-content\/uploads\/2013\/12\/srt0013.jpg?fit=300%2C200&#038;ssl=1\" data-large-file=\"https:\/\/i0.wp.com\/www.springfield-racingteam.de\/wp-content\/uploads\/2013\/12\/srt0013.jpg?fit=584%2C390&#038;ssl=1\" src=\"https:\/\/i0.wp.com\/www.springfield-racingteam.de\/wp-content\/uploads\/2013\/12\/srt0013.jpg?w=191&#038;h=127&#038;ssl=1\" srcset=\"https:\/\/i0.wp.com\/www.springfield-racingteam.de\/wp-content\/uploads\/2013\/12\/srt0013.jpg?w=1024&amp;ssl=1 1024w, https:\/\/i0.wp.com\/www.springfield-racingteam.de\/wp-content\/uploads\/2013\/12\/srt0013.jpg?resize=300%2C200&amp;ssl=1 300w, https:\/\/i0.wp.com\/www.springfield-racingteam.de\/wp-content\/uploads\/2013\/12\/srt0013.jpg?resize=449%2C300&amp;ssl=1 449w\" width=\"191\" height=\"127\" loading=\"lazy\" data-original-width=\"191\" data-original-height=\"127\" itemprop=\"http:\/\/schema.org\/image\" title=\"srt001\" alt=\"srt001\" style=\"width: 191px; height: 127px;\" \/> <\/a> <\/div> <\/div> <!-- close group --> <div class=\"gallery-group images-1\" style=\"width: 195px; height: 131px;\" data-original-width=\"195\" data-original-height=\"131\" > <div class=\"tiled-gallery-item tiled-gallery-item-small\" itemprop=\"associatedMedia\" itemscope itemtype=\"http:\/\/schema.org\/ImageObject\"> <a href=\"https:\/\/www.springfield-racingteam.de\/?attachment_id=1485\" border=\"0\" itemprop=\"url\"> <meta itemprop=\"width\" content=\"191\"> <meta itemprop=\"height\" content=\"127\"> <img decoding=\"async\" class=\"\" data-attachment-id=\"1485\" data-orig-file=\"https:\/\/www.springfield-racingteam.de\/wp-content\/uploads\/2013\/12\/srt0022.jpg\" data-orig-size=\"1024,683\" data-comments-opened=\"1\" data-image-meta=\"{&quot;aperture&quot;:&quot;4&quot;,&quot;credit&quot;:&quot;Robert Kubis&quot;,&quot;camera&quot;:&quot;Canon EOS 6D&quot;,&quot;caption&quot;:&quot;&quot;,&quot;created_timestamp&quot;:&quot;1385892914&quot;,&quot;copyright&quot;:&quot;All rights reserved. Distribution without consent prohibited!&quot;,&quot;focal_length&quot;:&quot;40&quot;,&quot;iso&quot;:&quot;100&quot;,&quot;shutter_speed&quot;:&quot;0.003125&quot;,&quot;title&quot;:&quot;&quot;}\" data-image-title=\"srt002\" data-image-description=\"\" data-medium-file=\"https:\/\/i0.wp.com\/www.springfield-racingteam.de\/wp-content\/uploads\/2013\/12\/srt0022.jpg?fit=300%2C200&#038;ssl=1\" data-large-file=\"https:\/\/i0.wp.com\/www.springfield-racingteam.de\/wp-content\/uploads\/2013\/12\/srt0022.jpg?fit=584%2C390&#038;ssl=1\" src=\"https:\/\/i0.wp.com\/www.springfield-racingteam.de\/wp-content\/uploads\/2013\/12\/srt0022.jpg?w=191&#038;h=127&#038;ssl=1\" srcset=\"https:\/\/i0.wp.com\/www.springfield-racingteam.de\/wp-content\/uploads\/2013\/12\/srt0022.jpg?w=1024&amp;ssl=1 1024w, https:\/\/i0.wp.com\/www.springfield-racingteam.de\/wp-content\/uploads\/2013\/12\/srt0022.jpg?resize=300%2C200&amp;ssl=1 300w, https:\/\/i0.wp.com\/www.springfield-racingteam.de\/wp-content\/uploads\/2013\/12\/srt0022.jpg?resize=449%2C300&amp;ssl=1 449w\" width=\"191\" height=\"127\" loading=\"lazy\" data-original-width=\"191\" data-original-height=\"127\" itemprop=\"http:\/\/schema.org\/image\" title=\"srt002\" alt=\"srt002\" style=\"width: 191px; height: 127px;\" \/> <\/a> <\/div> <\/div> <!-- close group --> <div class=\"gallery-group images-1\" style=\"width: 194px; height: 131px;\" data-original-width=\"194\" data-original-height=\"131\" > <div class=\"tiled-gallery-item tiled-gallery-item-small\" itemprop=\"associatedMedia\" itemscope itemtype=\"http:\/\/schema.org\/ImageObject\"> <a href=\"https:\/\/www.springfield-racingteam.de\/?attachment_id=1484\" border=\"0\" itemprop=\"url\"> <meta itemprop=\"width\" content=\"190\"> <meta itemprop=\"height\" content=\"127\"> <img decoding=\"async\" class=\"\" data-attachment-id=\"1484\" data-orig-file=\"https:\/\/www.springfield-racingteam.de\/wp-content\/uploads\/2013\/12\/srt0012.jpg\" data-orig-size=\"1024,683\" data-comments-opened=\"1\" data-image-meta=\"{&quot;aperture&quot;:&quot;7.1&quot;,&quot;credit&quot;:&quot;Robert Kubis&quot;,&quot;camera&quot;:&quot;Canon EOS 6D&quot;,&quot;caption&quot;:&quot;&quot;,&quot;created_timestamp&quot;:&quot;1385891370&quot;,&quot;copyright&quot;:&quot;All rights reserved. Distribution without consent prohibited!&quot;,&quot;focal_length&quot;:&quot;28&quot;,&quot;iso&quot;:&quot;100&quot;,&quot;shutter_speed&quot;:&quot;0.008&quot;,&quot;title&quot;:&quot;&quot;}\" data-image-title=\"srt001\" data-image-description=\"\" data-medium-file=\"https:\/\/i0.wp.com\/www.springfield-racingteam.de\/wp-content\/uploads\/2013\/12\/srt0012.jpg?fit=300%2C200&#038;ssl=1\" data-large-file=\"https:\/\/i0.wp.com\/www.springfield-racingteam.de\/wp-content\/uploads\/2013\/12\/srt0012.jpg?fit=584%2C390&#038;ssl=1\" src=\"https:\/\/i0.wp.com\/www.springfield-racingteam.de\/wp-content\/uploads\/2013\/12\/srt0012.jpg?w=190&#038;h=127&#038;ssl=1\" srcset=\"https:\/\/i0.wp.com\/www.springfield-racingteam.de\/wp-content\/uploads\/2013\/12\/srt0012.jpg?w=1024&amp;ssl=1 1024w, https:\/\/i0.wp.com\/www.springfield-racingteam.de\/wp-content\/uploads\/2013\/12\/srt0012.jpg?resize=300%2C200&amp;ssl=1 300w, https:\/\/i0.wp.com\/www.springfield-racingteam.de\/wp-content\/uploads\/2013\/12\/srt0012.jpg?resize=449%2C300&amp;ssl=1 449w\" width=\"190\" height=\"127\" loading=\"lazy\" data-original-width=\"190\" data-original-height=\"127\" itemprop=\"http:\/\/schema.org\/image\" title=\"srt001\" alt=\"srt001\" style=\"width: 190px; height: 127px;\" \/> <\/a> <\/div> <\/div> <!-- close group --> <\/div> <!-- close row --> <\/div><\/p>\n","protected":false},"excerpt":{"rendered":"<p>Heute wird es ernst mit Charity-Gedanken und die Versteigerung der Autos beginnt mit dem Sammeln aller Autos 9 Uhr vor dem Hotel! Im gewohnten Konvoi fahren wir zum Stadion, wo schon eine Reihe von einheimischen H\u00e4ndlern und ausgewanderten Europ\u00e4ern auf &hellip; <a href=\"https:\/\/www.springfield-racingteam.de\/?p=1483\">Weiterlesen <span class=\"meta-nav\">&rarr;<\/span><\/a><\/p>\n","protected":false},"author":5,"featured_media":0,"comment_status":"open","ping_status":"closed","sticky":false,"template":"","format":"standard","meta":{"_jetpack_memberships_contains_paid_content":false,"footnotes":""},"categories":[14],"tags":[],"class_list":["post-1483","post","type-post","status-publish","format-standard","hentry","category-rallye2013"],"jetpack_featured_media_url":"","jetpack_sharing_enabled":true,"_links":{"self":[{"href":"https:\/\/www.springfield-racingteam.de\/index.php?rest_route=\/wp\/v2\/posts\/1483","targetHints":{"allow":["GET"]}}],"collection":[{"href":"https:\/\/www.springfield-racingteam.de\/index.php?rest_route=\/wp\/v2\/posts"}],"about":[{"href":"https:\/\/www.springfield-racingteam.de\/index.php?rest_route=\/wp\/v2\/types\/post"}],"author":[{"embeddable":true,"href":"https:\/\/www.springfield-racingteam.de\/index.php?rest_route=\/wp\/v2\/users\/5"}],"replies":[{"embeddable":true,"href":"https:\/\/www.springfield-racingteam.de\/index.php?rest_route=%2Fwp%2Fv2%2Fcomments&post=1483"}],"version-history":[{"count":3,"href":"https:\/\/www.springfield-racingteam.de\/index.php?rest_route=\/wp\/v2\/posts\/1483\/revisions"}],"predecessor-version":[{"id":1616,"href":"https:\/\/www.springfield-racingteam.de\/index.php?rest_route=\/wp\/v2\/posts\/1483\/revisions\/1616"}],"wp:attachment":[{"href":"https:\/\/www.springfield-racingteam.de\/index.php?rest_route=%2Fwp%2Fv2%2Fmedia&parent=1483"}],"wp:term":[{"taxonomy":"category","embeddable":true,"href":"https:\/\/www.springfield-racingteam.de\/index.php?rest_route=%2Fwp%2Fv2%2Fcategories&post=1483"},{"taxonomy":"post_tag","embeddable":true,"href":"https:\/\/www.springfield-racingteam.de\/index.php?rest_route=%2Fwp%2Fv2%2Ftags&post=1483"}],"curies":[{"name":"wp","href":"https:\/\/api.w.org\/{rel}","templated":true}]}}