{"id":1495,"date":"2013-12-05T15:10:17","date_gmt":"2013-12-05T14:10:17","guid":{"rendered":"http:\/\/springfield-racingteam.de\/?p=1495"},"modified":"2015-08-26T15:53:32","modified_gmt":"2015-08-26T14:53:32","slug":"tag-4-und-tag-5-in-banjul-im-zeichen-des-charitygedankens","status":"publish","type":"post","link":"https:\/\/www.springfield-racingteam.de\/?p=1495","title":{"rendered":"Tag 4 und Tag 5 in Banjul im Zeichen des Charitygedankens"},"content":{"rendered":"<p>Nachdem unsere Fahrzeuge erfolgreich versteigert wurden, konnten wir an diesen zwei Tagen einige Projekte der DBO anschauen. Am Montag ging es zun\u00e4chst in eine Krankenstation in der Stadt. Der Weg dahin erinnerte wieder ein wenig an die W\u00fcstendurchquerung. Abseits der gro\u00dfen geteerten Hauptstrassen, gibt es hier nur Sandpisten mit mehr oder weniger tiefen L\u00f6chern und ausgefahrenen Spuren. Diese Krankenstation besteht aus mehreren kleinen Geb\u00e4uden,in denen viele Menschen sind. Es gibt zwei gro\u00dfe Krankenzimmer, wo je Zimmer ca. 20 Leute untergebracht sind. Hier werden die ersten Spendeng\u00fcter, wie Medikamente, Verbandszeug und Spielzeug von einigen Rallyeteilnehmern und uns verteilt.<\/p>\n<p>Danach geht es zur\u00fcck ins Blue Kitchen zum Mittagessen. Das Blue Kitchen ist ebenfalls ein Projekt der DBO. Dieses Restaurant ist zum einen Ausbildungsst\u00e4tte und zum anderen wird \u00fcber das Restaurant die Armenspeisung finanziert. Danach geht es zum neuesten Projekt, eine neue Nursery school, gleich in de N\u00e4he vom Blue Kitchen. Diese Vorschule finanziert \u00fcber die DBO wurde am Montag neu er\u00f6ffnet. Mit Blaskapelle der ans\u00e4ssigen Polizei und dem stellvertretendem Polizeipr\u00e4sidenten wurde die Schule offiziell er\u00f6ffnet. Danach ging es erstmal an den hoteleignen Pool zum Kr\u00e4fte sammeln f\u00fcr die noch am Abend stattfindende &#8222;Welcome Party&#8220; der DBO. Wie \u00fcblich werden die Rallyeteilnehmer im Blue Kitchen mit Barbeque und Buffett, einigen F\u00e4ssern Freibier und Livemusik begr\u00fc\u00dft, auch wenn wir schon einige Tage da sind. Die Orgs lassen die letzten dreieinhalb Wochen nochmal revue passieren und verteilen ein paar Preise in unterschiedlichen Kategorien. Beispielsweise &#8222;goldener Schraubenschl\u00fcssel&#8220;, &#8222;Teampreis&#8220; und &#8222;Spasspreis&#8220;, diese zwei Preise gingen an unsere bayrischen Freunde. Auch Adi bekam einen Preis, den &#8222;Durchhaltepreis&#8220;, daf\u00fcr, dass\u00a0er die komplette Strecke mit dem Motorrad gefahren ist. Nach der Welcomeparty ging es weiter in einige Bars der Stadt und es wurde bis\u00a0in den Morgen weiter gefeiert.<\/p>\n<div class=\"tiled-gallery type-rectangular tiled-gallery-unresized\" data-original-width=\"584\" data-carousel-extra='null' itemscope itemtype=\"http:\/\/schema.org\/ImageGallery\" > <div class=\"gallery-row\" style=\"width: 584px; height: 261px;\" data-original-width=\"584\" data-original-height=\"261\" > <div class=\"gallery-group images-1\" style=\"width: 390px; height: 261px;\" data-original-width=\"390\" data-original-height=\"261\" > <div class=\"tiled-gallery-item tiled-gallery-item-large\" itemprop=\"associatedMedia\" itemscope itemtype=\"http:\/\/schema.org\/ImageObject\"> <a href=\"https:\/\/www.springfield-racingteam.de\/?attachment_id=1500\" border=\"0\" itemprop=\"url\"> <meta itemprop=\"width\" content=\"386\"> <meta itemprop=\"height\" content=\"257\"> <img decoding=\"async\" class=\"\" data-attachment-id=\"1500\" data-orig-file=\"https:\/\/www.springfield-racingteam.de\/wp-content\/uploads\/2013\/12\/srt0043.jpg\" data-orig-size=\"1024,683\" data-comments-opened=\"1\" data-image-meta=\"{&quot;aperture&quot;:&quot;7.1&quot;,&quot;credit&quot;:&quot;Robert Kubis&quot;,&quot;camera&quot;:&quot;Canon EOS 6D&quot;,&quot;caption&quot;:&quot;&quot;,&quot;created_timestamp&quot;:&quot;1385981345&quot;,&quot;copyright&quot;:&quot;All rights reserved. Distribution without consent prohibited!&quot;,&quot;focal_length&quot;:&quot;24&quot;,&quot;iso&quot;:&quot;4000&quot;,&quot;shutter_speed&quot;:&quot;0.033333333333333&quot;,&quot;title&quot;:&quot;&quot;}\" data-image-title=\"srt004\" data-image-description=\"\" data-medium-file=\"https:\/\/i0.wp.com\/www.springfield-racingteam.de\/wp-content\/uploads\/2013\/12\/srt0043.jpg?fit=300%2C200&#038;ssl=1\" data-large-file=\"https:\/\/i0.wp.com\/www.springfield-racingteam.de\/wp-content\/uploads\/2013\/12\/srt0043.jpg?fit=584%2C390&#038;ssl=1\" src=\"https:\/\/i0.wp.com\/www.springfield-racingteam.de\/wp-content\/uploads\/2013\/12\/srt0043.jpg?w=386&#038;h=257&#038;ssl=1\" srcset=\"https:\/\/i0.wp.com\/www.springfield-racingteam.de\/wp-content\/uploads\/2013\/12\/srt0043.jpg?w=1024&amp;ssl=1 1024w, https:\/\/i0.wp.com\/www.springfield-racingteam.de\/wp-content\/uploads\/2013\/12\/srt0043.jpg?resize=300%2C200&amp;ssl=1 300w, https:\/\/i0.wp.com\/www.springfield-racingteam.de\/wp-content\/uploads\/2013\/12\/srt0043.jpg?resize=449%2C300&amp;ssl=1 449w\" width=\"386\" height=\"257\" loading=\"lazy\" data-original-width=\"386\" data-original-height=\"257\" itemprop=\"http:\/\/schema.org\/image\" title=\"srt004\" alt=\"srt004\" style=\"width: 386px; height: 257px;\" \/> <\/a> <\/div> <\/div> <!-- close group --> <div class=\"gallery-group images-2\" style=\"width: 194px; height: 261px;\" data-original-width=\"194\" data-original-height=\"261\" > <div class=\"tiled-gallery-item tiled-gallery-item-small\" itemprop=\"associatedMedia\" itemscope itemtype=\"http:\/\/schema.org\/ImageObject\"> <a href=\"https:\/\/www.springfield-racingteam.de\/?attachment_id=1499\" border=\"0\" itemprop=\"url\"> <meta itemprop=\"width\" content=\"190\"> <meta itemprop=\"height\" content=\"127\"> <img decoding=\"async\" class=\"\" data-attachment-id=\"1499\" data-orig-file=\"https:\/\/www.springfield-racingteam.de\/wp-content\/uploads\/2013\/12\/srt0033.jpg\" data-orig-size=\"1024,683\" data-comments-opened=\"1\" data-image-meta=\"{&quot;aperture&quot;:&quot;9&quot;,&quot;credit&quot;:&quot;Robert Kubis&quot;,&quot;camera&quot;:&quot;Canon EOS 6D&quot;,&quot;caption&quot;:&quot;&quot;,&quot;created_timestamp&quot;:&quot;1385980959&quot;,&quot;copyright&quot;:&quot;All rights reserved. Distribution without consent prohibited!&quot;,&quot;focal_length&quot;:&quot;24&quot;,&quot;iso&quot;:&quot;100&quot;,&quot;shutter_speed&quot;:&quot;0.004&quot;,&quot;title&quot;:&quot;&quot;}\" data-image-title=\"srt003\" data-image-description=\"\" data-medium-file=\"https:\/\/i0.wp.com\/www.springfield-racingteam.de\/wp-content\/uploads\/2013\/12\/srt0033.jpg?fit=300%2C200&#038;ssl=1\" data-large-file=\"https:\/\/i0.wp.com\/www.springfield-racingteam.de\/wp-content\/uploads\/2013\/12\/srt0033.jpg?fit=584%2C390&#038;ssl=1\" src=\"https:\/\/i0.wp.com\/www.springfield-racingteam.de\/wp-content\/uploads\/2013\/12\/srt0033.jpg?w=190&#038;h=127&#038;ssl=1\" srcset=\"https:\/\/i0.wp.com\/www.springfield-racingteam.de\/wp-content\/uploads\/2013\/12\/srt0033.jpg?w=1024&amp;ssl=1 1024w, https:\/\/i0.wp.com\/www.springfield-racingteam.de\/wp-content\/uploads\/2013\/12\/srt0033.jpg?resize=300%2C200&amp;ssl=1 300w, https:\/\/i0.wp.com\/www.springfield-racingteam.de\/wp-content\/uploads\/2013\/12\/srt0033.jpg?resize=449%2C300&amp;ssl=1 449w\" width=\"190\" height=\"127\" loading=\"lazy\" data-original-width=\"190\" data-original-height=\"127\" itemprop=\"http:\/\/schema.org\/image\" title=\"srt003\" alt=\"srt003\" style=\"width: 190px; height: 127px;\" \/> <\/a> <\/div> <div class=\"tiled-gallery-item tiled-gallery-item-small\" itemprop=\"associatedMedia\" itemscope itemtype=\"http:\/\/schema.org\/ImageObject\"> <a href=\"https:\/\/www.springfield-racingteam.de\/?attachment_id=1501\" border=\"0\" itemprop=\"url\"> <meta itemprop=\"width\" content=\"190\"> <meta itemprop=\"height\" content=\"126\"> <img decoding=\"async\" class=\"\" data-attachment-id=\"1501\" data-orig-file=\"https:\/\/www.springfield-racingteam.de\/wp-content\/uploads\/2013\/12\/srt0053.jpg\" data-orig-size=\"1024,683\" data-comments-opened=\"1\" data-image-meta=\"{&quot;aperture&quot;:&quot;10&quot;,&quot;credit&quot;:&quot;Robert Kubis&quot;,&quot;camera&quot;:&quot;Canon EOS 6D&quot;,&quot;caption&quot;:&quot;&quot;,&quot;created_timestamp&quot;:&quot;1385981431&quot;,&quot;copyright&quot;:&quot;All rights reserved. Distribution without consent prohibited!&quot;,&quot;focal_length&quot;:&quot;24&quot;,&quot;iso&quot;:&quot;6400&quot;,&quot;shutter_speed&quot;:&quot;0.066666666666667&quot;,&quot;title&quot;:&quot;&quot;}\" data-image-title=\"srt005\" data-image-description=\"\" data-medium-file=\"https:\/\/i0.wp.com\/www.springfield-racingteam.de\/wp-content\/uploads\/2013\/12\/srt0053.jpg?fit=300%2C200&#038;ssl=1\" data-large-file=\"https:\/\/i0.wp.com\/www.springfield-racingteam.de\/wp-content\/uploads\/2013\/12\/srt0053.jpg?fit=584%2C390&#038;ssl=1\" src=\"https:\/\/i0.wp.com\/www.springfield-racingteam.de\/wp-content\/uploads\/2013\/12\/srt0053.jpg?w=190&#038;h=126&#038;ssl=1\" srcset=\"https:\/\/i0.wp.com\/www.springfield-racingteam.de\/wp-content\/uploads\/2013\/12\/srt0053.jpg?w=1024&amp;ssl=1 1024w, https:\/\/i0.wp.com\/www.springfield-racingteam.de\/wp-content\/uploads\/2013\/12\/srt0053.jpg?resize=300%2C200&amp;ssl=1 300w, https:\/\/i0.wp.com\/www.springfield-racingteam.de\/wp-content\/uploads\/2013\/12\/srt0053.jpg?resize=449%2C300&amp;ssl=1 449w\" width=\"190\" height=\"126\" loading=\"lazy\" data-original-width=\"190\" data-original-height=\"126\" itemprop=\"http:\/\/schema.org\/image\" title=\"srt005\" alt=\"srt005\" style=\"width: 190px; height: 126px;\" \/> <\/a> <\/div> <\/div> <!-- close group --> <\/div> <!-- close row --> <div class=\"gallery-row\" style=\"width: 584px; height: 261px;\" data-original-width=\"584\" data-original-height=\"261\" > <div class=\"gallery-group images-2\" style=\"width: 194px; height: 261px;\" data-original-width=\"194\" data-original-height=\"261\" > <div class=\"tiled-gallery-item tiled-gallery-item-small\" itemprop=\"associatedMedia\" itemscope itemtype=\"http:\/\/schema.org\/ImageObject\"> <a href=\"https:\/\/www.springfield-racingteam.de\/?attachment_id=1502\" border=\"0\" itemprop=\"url\"> <meta itemprop=\"width\" content=\"190\"> <meta itemprop=\"height\" content=\"127\"> <img decoding=\"async\" class=\"\" data-attachment-id=\"1502\" data-orig-file=\"https:\/\/www.springfield-racingteam.de\/wp-content\/uploads\/2013\/12\/srt0062.jpg\" data-orig-size=\"1024,683\" data-comments-opened=\"1\" data-image-meta=\"{&quot;aperture&quot;:&quot;4&quot;,&quot;credit&quot;:&quot;Robert Kubis&quot;,&quot;camera&quot;:&quot;Canon EOS 6D&quot;,&quot;caption&quot;:&quot;&quot;,&quot;created_timestamp&quot;:&quot;1385982335&quot;,&quot;copyright&quot;:&quot;All rights reserved. Distribution without consent prohibited!&quot;,&quot;focal_length&quot;:&quot;28&quot;,&quot;iso&quot;:&quot;100&quot;,&quot;shutter_speed&quot;:&quot;0.001&quot;,&quot;title&quot;:&quot;&quot;}\" data-image-title=\"srt006\" data-image-description=\"\" data-medium-file=\"https:\/\/i0.wp.com\/www.springfield-racingteam.de\/wp-content\/uploads\/2013\/12\/srt0062.jpg?fit=300%2C200&#038;ssl=1\" data-large-file=\"https:\/\/i0.wp.com\/www.springfield-racingteam.de\/wp-content\/uploads\/2013\/12\/srt0062.jpg?fit=584%2C390&#038;ssl=1\" src=\"https:\/\/i0.wp.com\/www.springfield-racingteam.de\/wp-content\/uploads\/2013\/12\/srt0062.jpg?w=190&#038;h=127&#038;ssl=1\" srcset=\"https:\/\/i0.wp.com\/www.springfield-racingteam.de\/wp-content\/uploads\/2013\/12\/srt0062.jpg?w=1024&amp;ssl=1 1024w, https:\/\/i0.wp.com\/www.springfield-racingteam.de\/wp-content\/uploads\/2013\/12\/srt0062.jpg?resize=300%2C200&amp;ssl=1 300w, https:\/\/i0.wp.com\/www.springfield-racingteam.de\/wp-content\/uploads\/2013\/12\/srt0062.jpg?resize=449%2C300&amp;ssl=1 449w\" width=\"190\" height=\"127\" loading=\"lazy\" data-original-width=\"190\" data-original-height=\"127\" itemprop=\"http:\/\/schema.org\/image\" title=\"srt006\" alt=\"srt006\" style=\"width: 190px; height: 127px;\" \/> <\/a> <\/div> <div class=\"tiled-gallery-item tiled-gallery-item-small\" itemprop=\"associatedMedia\" itemscope itemtype=\"http:\/\/schema.org\/ImageObject\"> <a href=\"https:\/\/www.springfield-racingteam.de\/?attachment_id=1503\" border=\"0\" itemprop=\"url\"> <meta itemprop=\"width\" content=\"190\"> <meta itemprop=\"height\" content=\"126\"> <img decoding=\"async\" class=\"\" data-attachment-id=\"1503\" data-orig-file=\"https:\/\/www.springfield-racingteam.de\/wp-content\/uploads\/2013\/12\/srt0072.jpg\" data-orig-size=\"1024,683\" data-comments-opened=\"1\" data-image-meta=\"{&quot;aperture&quot;:&quot;7.1&quot;,&quot;credit&quot;:&quot;Robert Kubis&quot;,&quot;camera&quot;:&quot;Canon EOS 6D&quot;,&quot;caption&quot;:&quot;&quot;,&quot;created_timestamp&quot;:&quot;1385988485&quot;,&quot;copyright&quot;:&quot;All rights reserved. Distribution without consent prohibited!&quot;,&quot;focal_length&quot;:&quot;24&quot;,&quot;iso&quot;:&quot;100&quot;,&quot;shutter_speed&quot;:&quot;0.008&quot;,&quot;title&quot;:&quot;&quot;}\" data-image-title=\"srt007\" data-image-description=\"\" data-medium-file=\"https:\/\/i0.wp.com\/www.springfield-racingteam.de\/wp-content\/uploads\/2013\/12\/srt0072.jpg?fit=300%2C200&#038;ssl=1\" data-large-file=\"https:\/\/i0.wp.com\/www.springfield-racingteam.de\/wp-content\/uploads\/2013\/12\/srt0072.jpg?fit=584%2C390&#038;ssl=1\" src=\"https:\/\/i0.wp.com\/www.springfield-racingteam.de\/wp-content\/uploads\/2013\/12\/srt0072.jpg?w=190&#038;h=126&#038;ssl=1\" srcset=\"https:\/\/i0.wp.com\/www.springfield-racingteam.de\/wp-content\/uploads\/2013\/12\/srt0072.jpg?w=1024&amp;ssl=1 1024w, https:\/\/i0.wp.com\/www.springfield-racingteam.de\/wp-content\/uploads\/2013\/12\/srt0072.jpg?resize=300%2C200&amp;ssl=1 300w, https:\/\/i0.wp.com\/www.springfield-racingteam.de\/wp-content\/uploads\/2013\/12\/srt0072.jpg?resize=449%2C300&amp;ssl=1 449w\" width=\"190\" height=\"126\" loading=\"lazy\" data-original-width=\"190\" data-original-height=\"126\" itemprop=\"http:\/\/schema.org\/image\" title=\"srt007\" alt=\"srt007\" style=\"width: 190px; height: 126px;\" \/> <\/a> <\/div> <\/div> <!-- close group --> <div class=\"gallery-group images-1\" style=\"width: 390px; height: 261px;\" data-original-width=\"390\" data-original-height=\"261\" > <div class=\"tiled-gallery-item tiled-gallery-item-large\" itemprop=\"associatedMedia\" itemscope itemtype=\"http:\/\/schema.org\/ImageObject\"> <a href=\"https:\/\/www.springfield-racingteam.de\/?attachment_id=1504\" border=\"0\" itemprop=\"url\"> <meta itemprop=\"width\" content=\"386\"> <meta itemprop=\"height\" content=\"257\"> <img decoding=\"async\" class=\"\" data-attachment-id=\"1504\" data-orig-file=\"https:\/\/www.springfield-racingteam.de\/wp-content\/uploads\/2013\/12\/srt0081.jpg\" data-orig-size=\"1024,683\" data-comments-opened=\"1\" data-image-meta=\"{&quot;aperture&quot;:&quot;10&quot;,&quot;credit&quot;:&quot;Robert Kubis&quot;,&quot;camera&quot;:&quot;Canon EOS 6D&quot;,&quot;caption&quot;:&quot;&quot;,&quot;created_timestamp&quot;:&quot;1385990316&quot;,&quot;copyright&quot;:&quot;All rights reserved. Distribution without consent prohibited!&quot;,&quot;focal_length&quot;:&quot;50&quot;,&quot;iso&quot;:&quot;160&quot;,&quot;shutter_speed&quot;:&quot;0.004&quot;,&quot;title&quot;:&quot;&quot;}\" data-image-title=\"srt008\" data-image-description=\"\" data-medium-file=\"https:\/\/i0.wp.com\/www.springfield-racingteam.de\/wp-content\/uploads\/2013\/12\/srt0081.jpg?fit=300%2C200&#038;ssl=1\" data-large-file=\"https:\/\/i0.wp.com\/www.springfield-racingteam.de\/wp-content\/uploads\/2013\/12\/srt0081.jpg?fit=584%2C390&#038;ssl=1\" src=\"https:\/\/i0.wp.com\/www.springfield-racingteam.de\/wp-content\/uploads\/2013\/12\/srt0081.jpg?w=386&#038;h=257&#038;ssl=1\" srcset=\"https:\/\/i0.wp.com\/www.springfield-racingteam.de\/wp-content\/uploads\/2013\/12\/srt0081.jpg?w=1024&amp;ssl=1 1024w, https:\/\/i0.wp.com\/www.springfield-racingteam.de\/wp-content\/uploads\/2013\/12\/srt0081.jpg?resize=300%2C200&amp;ssl=1 300w, https:\/\/i0.wp.com\/www.springfield-racingteam.de\/wp-content\/uploads\/2013\/12\/srt0081.jpg?resize=449%2C300&amp;ssl=1 449w\" width=\"386\" height=\"257\" loading=\"lazy\" data-original-width=\"386\" data-original-height=\"257\" itemprop=\"http:\/\/schema.org\/image\" title=\"srt008\" alt=\"srt008\" style=\"width: 386px; height: 257px;\" \/> <\/a> <\/div> <\/div> <!-- close group --> <\/div> <!-- close row --> <div class=\"gallery-row\" style=\"width: 584px; height: 131px;\" data-original-width=\"584\" data-original-height=\"131\" > <div class=\"gallery-group images-1\" style=\"width: 195px; height: 131px;\" data-original-width=\"195\" data-original-height=\"131\" > <div class=\"tiled-gallery-item tiled-gallery-item-small\" itemprop=\"associatedMedia\" itemscope itemtype=\"http:\/\/schema.org\/ImageObject\"> <a href=\"https:\/\/www.springfield-racingteam.de\/?attachment_id=1498\" border=\"0\" itemprop=\"url\"> <meta itemprop=\"width\" content=\"191\"> <meta itemprop=\"height\" content=\"127\"> <img decoding=\"async\" class=\"\" data-attachment-id=\"1498\" data-orig-file=\"https:\/\/www.springfield-racingteam.de\/wp-content\/uploads\/2013\/12\/srt0024.jpg\" data-orig-size=\"1024,683\" data-comments-opened=\"1\" data-image-meta=\"{&quot;aperture&quot;:&quot;5&quot;,&quot;credit&quot;:&quot;Robert Kubis&quot;,&quot;camera&quot;:&quot;Canon EOS 6D&quot;,&quot;caption&quot;:&quot;&quot;,&quot;created_timestamp&quot;:&quot;1386021106&quot;,&quot;copyright&quot;:&quot;All rights reserved. Distribution without consent prohibited!&quot;,&quot;focal_length&quot;:&quot;65&quot;,&quot;iso&quot;:&quot;20000&quot;,&quot;shutter_speed&quot;:&quot;0.003125&quot;,&quot;title&quot;:&quot;&quot;}\" data-image-title=\"srt002\" data-image-description=\"\" data-medium-file=\"https:\/\/i0.wp.com\/www.springfield-racingteam.de\/wp-content\/uploads\/2013\/12\/srt0024.jpg?fit=300%2C200&#038;ssl=1\" data-large-file=\"https:\/\/i0.wp.com\/www.springfield-racingteam.de\/wp-content\/uploads\/2013\/12\/srt0024.jpg?fit=584%2C390&#038;ssl=1\" src=\"https:\/\/i0.wp.com\/www.springfield-racingteam.de\/wp-content\/uploads\/2013\/12\/srt0024.jpg?w=191&#038;h=127&#038;ssl=1\" srcset=\"https:\/\/i0.wp.com\/www.springfield-racingteam.de\/wp-content\/uploads\/2013\/12\/srt0024.jpg?w=1024&amp;ssl=1 1024w, https:\/\/i0.wp.com\/www.springfield-racingteam.de\/wp-content\/uploads\/2013\/12\/srt0024.jpg?resize=300%2C200&amp;ssl=1 300w, https:\/\/i0.wp.com\/www.springfield-racingteam.de\/wp-content\/uploads\/2013\/12\/srt0024.jpg?resize=449%2C300&amp;ssl=1 449w\" width=\"191\" height=\"127\" loading=\"lazy\" data-original-width=\"191\" data-original-height=\"127\" itemprop=\"http:\/\/schema.org\/image\" title=\"srt002\" alt=\"srt002\" style=\"width: 191px; height: 127px;\" \/> <\/a> <\/div> <\/div> <!-- close group --> <div class=\"gallery-group images-1\" style=\"width: 195px; height: 131px;\" data-original-width=\"195\" data-original-height=\"131\" > <div class=\"tiled-gallery-item tiled-gallery-item-small\" itemprop=\"associatedMedia\" itemscope itemtype=\"http:\/\/schema.org\/ImageObject\"> <a href=\"https:\/\/www.springfield-racingteam.de\/?attachment_id=1497\" border=\"0\" itemprop=\"url\"> <meta itemprop=\"width\" content=\"191\"> <meta itemprop=\"height\" content=\"127\"> <img decoding=\"async\" class=\"\" data-attachment-id=\"1497\" data-orig-file=\"https:\/\/www.springfield-racingteam.de\/wp-content\/uploads\/2013\/12\/srt0014.jpg\" data-orig-size=\"1024,683\" data-comments-opened=\"1\" data-image-meta=\"{&quot;aperture&quot;:&quot;5&quot;,&quot;credit&quot;:&quot;Robert Kubis&quot;,&quot;camera&quot;:&quot;Canon EOS 6D&quot;,&quot;caption&quot;:&quot;&quot;,&quot;created_timestamp&quot;:&quot;1386019339&quot;,&quot;copyright&quot;:&quot;All rights reserved. Distribution without consent prohibited!&quot;,&quot;focal_length&quot;:&quot;98&quot;,&quot;iso&quot;:&quot;20000&quot;,&quot;shutter_speed&quot;:&quot;0.02&quot;,&quot;title&quot;:&quot;&quot;}\" data-image-title=\"srt001\" data-image-description=\"\" data-medium-file=\"https:\/\/i0.wp.com\/www.springfield-racingteam.de\/wp-content\/uploads\/2013\/12\/srt0014.jpg?fit=300%2C200&#038;ssl=1\" data-large-file=\"https:\/\/i0.wp.com\/www.springfield-racingteam.de\/wp-content\/uploads\/2013\/12\/srt0014.jpg?fit=584%2C390&#038;ssl=1\" src=\"https:\/\/i0.wp.com\/www.springfield-racingteam.de\/wp-content\/uploads\/2013\/12\/srt0014.jpg?w=191&#038;h=127&#038;ssl=1\" srcset=\"https:\/\/i0.wp.com\/www.springfield-racingteam.de\/wp-content\/uploads\/2013\/12\/srt0014.jpg?w=1024&amp;ssl=1 1024w, https:\/\/i0.wp.com\/www.springfield-racingteam.de\/wp-content\/uploads\/2013\/12\/srt0014.jpg?resize=300%2C200&amp;ssl=1 300w, https:\/\/i0.wp.com\/www.springfield-racingteam.de\/wp-content\/uploads\/2013\/12\/srt0014.jpg?resize=449%2C300&amp;ssl=1 449w\" width=\"191\" height=\"127\" loading=\"lazy\" data-original-width=\"191\" data-original-height=\"127\" itemprop=\"http:\/\/schema.org\/image\" title=\"srt001\" alt=\"srt001\" style=\"width: 191px; height: 127px;\" \/> <\/a> <\/div> <\/div> <!-- close group --> <div class=\"gallery-group images-1\" style=\"width: 194px; height: 131px;\" data-original-width=\"194\" data-original-height=\"131\" > <div class=\"tiled-gallery-item tiled-gallery-item-small\" itemprop=\"associatedMedia\" itemscope itemtype=\"http:\/\/schema.org\/ImageObject\"> <a href=\"https:\/\/www.springfield-racingteam.de\/?attachment_id=1496\" border=\"0\" itemprop=\"url\"> <meta itemprop=\"width\" content=\"190\"> <meta itemprop=\"height\" content=\"127\"> <img decoding=\"async\" class=\"\" data-attachment-id=\"1496\" data-orig-file=\"https:\/\/www.springfield-racingteam.de\/wp-content\/uploads\/2013\/12\/srt0091.jpg\" data-orig-size=\"1024,683\" data-comments-opened=\"1\" data-image-meta=\"{&quot;aperture&quot;:&quot;8&quot;,&quot;credit&quot;:&quot;Robert Kubis&quot;,&quot;camera&quot;:&quot;Canon EOS 6D&quot;,&quot;caption&quot;:&quot;&quot;,&quot;created_timestamp&quot;:&quot;1386018575&quot;,&quot;copyright&quot;:&quot;All rights reserved. Distribution without consent prohibited!&quot;,&quot;focal_length&quot;:&quot;45&quot;,&quot;iso&quot;:&quot;20000&quot;,&quot;shutter_speed&quot;:&quot;0.04&quot;,&quot;title&quot;:&quot;&quot;}\" data-image-title=\"srt009\" data-image-description=\"\" data-medium-file=\"https:\/\/i0.wp.com\/www.springfield-racingteam.de\/wp-content\/uploads\/2013\/12\/srt0091.jpg?fit=300%2C200&#038;ssl=1\" data-large-file=\"https:\/\/i0.wp.com\/www.springfield-racingteam.de\/wp-content\/uploads\/2013\/12\/srt0091.jpg?fit=584%2C390&#038;ssl=1\" src=\"https:\/\/i0.wp.com\/www.springfield-racingteam.de\/wp-content\/uploads\/2013\/12\/srt0091.jpg?w=190&#038;h=127&#038;ssl=1\" srcset=\"https:\/\/i0.wp.com\/www.springfield-racingteam.de\/wp-content\/uploads\/2013\/12\/srt0091.jpg?w=1024&amp;ssl=1 1024w, https:\/\/i0.wp.com\/www.springfield-racingteam.de\/wp-content\/uploads\/2013\/12\/srt0091.jpg?resize=300%2C200&amp;ssl=1 300w, https:\/\/i0.wp.com\/www.springfield-racingteam.de\/wp-content\/uploads\/2013\/12\/srt0091.jpg?resize=449%2C300&amp;ssl=1 449w\" width=\"190\" height=\"127\" loading=\"lazy\" data-original-width=\"190\" data-original-height=\"127\" itemprop=\"http:\/\/schema.org\/image\" title=\"srt009\" alt=\"srt009\" style=\"width: 190px; height: 127px;\" \/> <\/a> <\/div> <\/div> <!-- close group --> <\/div> <!-- close row --> <\/div>\n<p><strong>Tag 5<\/strong><\/p>\n<p>Nach einer sehr kurzen Nacht konnten wir uns weitere Projekte der DBO anschauen. Zun\u00e4chst ging es in eine weitere Nursery School, diese Schule hatten Adi und Dani vor zwei Jahren schonmal besucht. Bei sengender Hitze und dem ein anderen Kater ging es zur n\u00e4chsten Krankenstation. Diese Ambulanz, will den Menschen nicht nur helfen, wenn diese krank sind, sondern auch Aufkl\u00e4ren und Informieren, dazu wurde auch hier mit DBO-Geldern neue Geb\u00e4ude gebaut und ausgestattet. Aufkl\u00e4rung ist hier ein sehr wichtiges Thema! Danach ging es in eine weitere Vorschule, die jetzt zur Grundschule erweitert wird, das ist ein schwieriger und langer Prozess, den Nachmittag lie\u00dfen wir dann am Strand ausklingen und zum Abend trafen wir uns mit den bayrischen Freunden im Blue Kitchen. Diesmal nicht ganz so lange.<\/p>\n<div class=\"tiled-gallery type-rectangular tiled-gallery-unresized\" data-original-width=\"584\" data-carousel-extra='null' itemscope itemtype=\"http:\/\/schema.org\/ImageGallery\" > <div class=\"gallery-row\" style=\"width: 584px; height: 261px;\" data-original-width=\"584\" data-original-height=\"261\" > <div class=\"gallery-group images-1\" style=\"width: 390px; height: 261px;\" data-original-width=\"390\" data-original-height=\"261\" > <div class=\"tiled-gallery-item tiled-gallery-item-large\" itemprop=\"associatedMedia\" itemscope itemtype=\"http:\/\/schema.org\/ImageObject\"> <a href=\"https:\/\/www.springfield-racingteam.de\/?attachment_id=1510\" border=\"0\" itemprop=\"url\"> <meta itemprop=\"width\" content=\"386\"> <meta itemprop=\"height\" content=\"257\"> <img decoding=\"async\" class=\"\" data-attachment-id=\"1510\" data-orig-file=\"https:\/\/www.springfield-racingteam.de\/wp-content\/uploads\/2013\/12\/srt0054.jpg\" data-orig-size=\"1024,683\" data-comments-opened=\"1\" data-image-meta=\"{&quot;aperture&quot;:&quot;5.6&quot;,&quot;credit&quot;:&quot;Robert Kubis&quot;,&quot;camera&quot;:&quot;Canon EOS 6D&quot;,&quot;caption&quot;:&quot;&quot;,&quot;created_timestamp&quot;:&quot;1386080691&quot;,&quot;copyright&quot;:&quot;All rights reserved. Distribution without consent prohibited!&quot;,&quot;focal_length&quot;:&quot;24&quot;,&quot;iso&quot;:&quot;12800&quot;,&quot;shutter_speed&quot;:&quot;0.003125&quot;,&quot;title&quot;:&quot;&quot;}\" data-image-title=\"srt005\" data-image-description=\"\" data-medium-file=\"https:\/\/i0.wp.com\/www.springfield-racingteam.de\/wp-content\/uploads\/2013\/12\/srt0054.jpg?fit=300%2C200&#038;ssl=1\" data-large-file=\"https:\/\/i0.wp.com\/www.springfield-racingteam.de\/wp-content\/uploads\/2013\/12\/srt0054.jpg?fit=584%2C390&#038;ssl=1\" src=\"https:\/\/i0.wp.com\/www.springfield-racingteam.de\/wp-content\/uploads\/2013\/12\/srt0054.jpg?w=386&#038;h=257&#038;ssl=1\" srcset=\"https:\/\/i0.wp.com\/www.springfield-racingteam.de\/wp-content\/uploads\/2013\/12\/srt0054.jpg?w=1024&amp;ssl=1 1024w, https:\/\/i0.wp.com\/www.springfield-racingteam.de\/wp-content\/uploads\/2013\/12\/srt0054.jpg?resize=300%2C200&amp;ssl=1 300w, https:\/\/i0.wp.com\/www.springfield-racingteam.de\/wp-content\/uploads\/2013\/12\/srt0054.jpg?resize=449%2C300&amp;ssl=1 449w\" width=\"386\" height=\"257\" loading=\"lazy\" data-original-width=\"386\" data-original-height=\"257\" itemprop=\"http:\/\/schema.org\/image\" title=\"srt005\" alt=\"srt005\" style=\"width: 386px; height: 257px;\" \/> <\/a> <\/div> <\/div> <!-- close group --> <div class=\"gallery-group images-2\" style=\"width: 194px; height: 261px;\" data-original-width=\"194\" data-original-height=\"261\" > <div class=\"tiled-gallery-item tiled-gallery-item-small\" itemprop=\"associatedMedia\" itemscope itemtype=\"http:\/\/schema.org\/ImageObject\"> <a href=\"https:\/\/www.springfield-racingteam.de\/?attachment_id=1509\" border=\"0\" itemprop=\"url\"> <meta itemprop=\"width\" content=\"190\"> <meta itemprop=\"height\" content=\"127\"> <img decoding=\"async\" class=\"\" data-attachment-id=\"1509\" data-orig-file=\"https:\/\/www.springfield-racingteam.de\/wp-content\/uploads\/2013\/12\/srt0044.jpg\" data-orig-size=\"1024,683\" data-comments-opened=\"1\" data-image-meta=\"{&quot;aperture&quot;:&quot;13&quot;,&quot;credit&quot;:&quot;Robert Kubis&quot;,&quot;camera&quot;:&quot;Canon EOS 6D&quot;,&quot;caption&quot;:&quot;&quot;,&quot;created_timestamp&quot;:&quot;1386078755&quot;,&quot;copyright&quot;:&quot;All rights reserved. Distribution without consent prohibited!&quot;,&quot;focal_length&quot;:&quot;105&quot;,&quot;iso&quot;:&quot;250&quot;,&quot;shutter_speed&quot;:&quot;0.00625&quot;,&quot;title&quot;:&quot;&quot;}\" data-image-title=\"srt004\" data-image-description=\"\" data-medium-file=\"https:\/\/i0.wp.com\/www.springfield-racingteam.de\/wp-content\/uploads\/2013\/12\/srt0044.jpg?fit=300%2C200&#038;ssl=1\" data-large-file=\"https:\/\/i0.wp.com\/www.springfield-racingteam.de\/wp-content\/uploads\/2013\/12\/srt0044.jpg?fit=584%2C390&#038;ssl=1\" src=\"https:\/\/i0.wp.com\/www.springfield-racingteam.de\/wp-content\/uploads\/2013\/12\/srt0044.jpg?w=190&#038;h=127&#038;ssl=1\" srcset=\"https:\/\/i0.wp.com\/www.springfield-racingteam.de\/wp-content\/uploads\/2013\/12\/srt0044.jpg?w=1024&amp;ssl=1 1024w, https:\/\/i0.wp.com\/www.springfield-racingteam.de\/wp-content\/uploads\/2013\/12\/srt0044.jpg?resize=300%2C200&amp;ssl=1 300w, https:\/\/i0.wp.com\/www.springfield-racingteam.de\/wp-content\/uploads\/2013\/12\/srt0044.jpg?resize=449%2C300&amp;ssl=1 449w\" width=\"190\" height=\"127\" loading=\"lazy\" data-original-width=\"190\" data-original-height=\"127\" itemprop=\"http:\/\/schema.org\/image\" title=\"srt004\" alt=\"srt004\" style=\"width: 190px; height: 127px;\" \/> <\/a> <\/div> <div class=\"tiled-gallery-item tiled-gallery-item-small\" itemprop=\"associatedMedia\" itemscope itemtype=\"http:\/\/schema.org\/ImageObject\"> <a href=\"https:\/\/www.springfield-racingteam.de\/?attachment_id=1508\" border=\"0\" itemprop=\"url\"> <meta itemprop=\"width\" content=\"190\"> <meta itemprop=\"height\" content=\"126\"> <img decoding=\"async\" class=\"\" data-attachment-id=\"1508\" data-orig-file=\"https:\/\/www.springfield-racingteam.de\/wp-content\/uploads\/2013\/12\/srt0034.jpg\" data-orig-size=\"1024,683\" data-comments-opened=\"1\" data-image-meta=\"{&quot;aperture&quot;:&quot;9&quot;,&quot;credit&quot;:&quot;Robert Kubis&quot;,&quot;camera&quot;:&quot;Canon EOS 6D&quot;,&quot;caption&quot;:&quot;&quot;,&quot;created_timestamp&quot;:&quot;1386078372&quot;,&quot;copyright&quot;:&quot;All rights reserved. Distribution without consent prohibited!&quot;,&quot;focal_length&quot;:&quot;24&quot;,&quot;iso&quot;:&quot;250&quot;,&quot;shutter_speed&quot;:&quot;0.008&quot;,&quot;title&quot;:&quot;&quot;}\" data-image-title=\"srt003\" data-image-description=\"\" data-medium-file=\"https:\/\/i0.wp.com\/www.springfield-racingteam.de\/wp-content\/uploads\/2013\/12\/srt0034.jpg?fit=300%2C200&#038;ssl=1\" data-large-file=\"https:\/\/i0.wp.com\/www.springfield-racingteam.de\/wp-content\/uploads\/2013\/12\/srt0034.jpg?fit=584%2C390&#038;ssl=1\" src=\"https:\/\/i0.wp.com\/www.springfield-racingteam.de\/wp-content\/uploads\/2013\/12\/srt0034.jpg?w=190&#038;h=126&#038;ssl=1\" srcset=\"https:\/\/i0.wp.com\/www.springfield-racingteam.de\/wp-content\/uploads\/2013\/12\/srt0034.jpg?w=1024&amp;ssl=1 1024w, https:\/\/i0.wp.com\/www.springfield-racingteam.de\/wp-content\/uploads\/2013\/12\/srt0034.jpg?resize=300%2C200&amp;ssl=1 300w, https:\/\/i0.wp.com\/www.springfield-racingteam.de\/wp-content\/uploads\/2013\/12\/srt0034.jpg?resize=449%2C300&amp;ssl=1 449w\" width=\"190\" height=\"126\" loading=\"lazy\" data-original-width=\"190\" data-original-height=\"126\" itemprop=\"http:\/\/schema.org\/image\" title=\"srt003\" alt=\"srt003\" style=\"width: 190px; height: 126px;\" \/> <\/a> <\/div> <\/div> <!-- close group --> <\/div> <!-- close row --> <div class=\"gallery-row\" style=\"width: 584px; height: 131px;\" data-original-width=\"584\" data-original-height=\"131\" > <div class=\"gallery-group images-1\" style=\"width: 195px; height: 131px;\" data-original-width=\"195\" data-original-height=\"131\" > <div class=\"tiled-gallery-item tiled-gallery-item-small\" itemprop=\"associatedMedia\" itemscope itemtype=\"http:\/\/schema.org\/ImageObject\"> <a href=\"https:\/\/www.springfield-racingteam.de\/?attachment_id=1507\" border=\"0\" itemprop=\"url\"> <meta itemprop=\"width\" content=\"191\"> <meta itemprop=\"height\" content=\"127\"> <img decoding=\"async\" class=\"\" data-attachment-id=\"1507\" data-orig-file=\"https:\/\/www.springfield-racingteam.de\/wp-content\/uploads\/2013\/12\/srt0025.jpg\" data-orig-size=\"1024,683\" data-comments-opened=\"1\" data-image-meta=\"{&quot;aperture&quot;:&quot;6.3&quot;,&quot;credit&quot;:&quot;Robert Kubis&quot;,&quot;camera&quot;:&quot;Canon EOS 6D&quot;,&quot;caption&quot;:&quot;&quot;,&quot;created_timestamp&quot;:&quot;1386076004&quot;,&quot;copyright&quot;:&quot;All rights reserved. Distribution without consent prohibited!&quot;,&quot;focal_length&quot;:&quot;24&quot;,&quot;iso&quot;:&quot;320&quot;,&quot;shutter_speed&quot;:&quot;0.008&quot;,&quot;title&quot;:&quot;&quot;}\" data-image-title=\"srt002\" data-image-description=\"\" data-medium-file=\"https:\/\/i0.wp.com\/www.springfield-racingteam.de\/wp-content\/uploads\/2013\/12\/srt0025.jpg?fit=300%2C200&#038;ssl=1\" data-large-file=\"https:\/\/i0.wp.com\/www.springfield-racingteam.de\/wp-content\/uploads\/2013\/12\/srt0025.jpg?fit=584%2C390&#038;ssl=1\" src=\"https:\/\/i0.wp.com\/www.springfield-racingteam.de\/wp-content\/uploads\/2013\/12\/srt0025.jpg?w=191&#038;h=127&#038;ssl=1\" srcset=\"https:\/\/i0.wp.com\/www.springfield-racingteam.de\/wp-content\/uploads\/2013\/12\/srt0025.jpg?w=1024&amp;ssl=1 1024w, https:\/\/i0.wp.com\/www.springfield-racingteam.de\/wp-content\/uploads\/2013\/12\/srt0025.jpg?resize=300%2C200&amp;ssl=1 300w, https:\/\/i0.wp.com\/www.springfield-racingteam.de\/wp-content\/uploads\/2013\/12\/srt0025.jpg?resize=449%2C300&amp;ssl=1 449w\" width=\"191\" height=\"127\" loading=\"lazy\" data-original-width=\"191\" data-original-height=\"127\" itemprop=\"http:\/\/schema.org\/image\" title=\"srt002\" alt=\"srt002\" style=\"width: 191px; height: 127px;\" \/> <\/a> <\/div> <\/div> <!-- close group --> <div class=\"gallery-group images-1\" style=\"width: 195px; height: 131px;\" data-original-width=\"195\" data-original-height=\"131\" > <div class=\"tiled-gallery-item tiled-gallery-item-small\" itemprop=\"associatedMedia\" itemscope itemtype=\"http:\/\/schema.org\/ImageObject\"> <a href=\"https:\/\/www.springfield-racingteam.de\/?attachment_id=1506\" border=\"0\" itemprop=\"url\"> <meta itemprop=\"width\" content=\"191\"> <meta itemprop=\"height\" content=\"127\"> <img decoding=\"async\" class=\"\" data-attachment-id=\"1506\" data-orig-file=\"https:\/\/www.springfield-racingteam.de\/wp-content\/uploads\/2013\/12\/srt0015.jpg\" data-orig-size=\"1024,683\" data-comments-opened=\"1\" data-image-meta=\"{&quot;aperture&quot;:&quot;5&quot;,&quot;credit&quot;:&quot;Robert Kubis&quot;,&quot;camera&quot;:&quot;Canon EOS 6D&quot;,&quot;caption&quot;:&quot;&quot;,&quot;created_timestamp&quot;:&quot;1386068349&quot;,&quot;copyright&quot;:&quot;All rights reserved. Distribution without consent prohibited!&quot;,&quot;focal_length&quot;:&quot;24&quot;,&quot;iso&quot;:&quot;100&quot;,&quot;shutter_speed&quot;:&quot;0.033333333333333&quot;,&quot;title&quot;:&quot;&quot;}\" data-image-title=\"srt001\" data-image-description=\"\" data-medium-file=\"https:\/\/i0.wp.com\/www.springfield-racingteam.de\/wp-content\/uploads\/2013\/12\/srt0015.jpg?fit=300%2C200&#038;ssl=1\" data-large-file=\"https:\/\/i0.wp.com\/www.springfield-racingteam.de\/wp-content\/uploads\/2013\/12\/srt0015.jpg?fit=584%2C390&#038;ssl=1\" src=\"https:\/\/i0.wp.com\/www.springfield-racingteam.de\/wp-content\/uploads\/2013\/12\/srt0015.jpg?w=191&#038;h=127&#038;ssl=1\" srcset=\"https:\/\/i0.wp.com\/www.springfield-racingteam.de\/wp-content\/uploads\/2013\/12\/srt0015.jpg?w=1024&amp;ssl=1 1024w, https:\/\/i0.wp.com\/www.springfield-racingteam.de\/wp-content\/uploads\/2013\/12\/srt0015.jpg?resize=300%2C200&amp;ssl=1 300w, https:\/\/i0.wp.com\/www.springfield-racingteam.de\/wp-content\/uploads\/2013\/12\/srt0015.jpg?resize=449%2C300&amp;ssl=1 449w\" width=\"191\" height=\"127\" loading=\"lazy\" data-original-width=\"191\" data-original-height=\"127\" itemprop=\"http:\/\/schema.org\/image\" title=\"srt001\" alt=\"srt001\" style=\"width: 191px; height: 127px;\" \/> <\/a> <\/div> <\/div> <!-- close group --> <div class=\"gallery-group images-1\" style=\"width: 194px; height: 131px;\" data-original-width=\"194\" data-original-height=\"131\" > <div class=\"tiled-gallery-item tiled-gallery-item-small\" itemprop=\"associatedMedia\" itemscope itemtype=\"http:\/\/schema.org\/ImageObject\"> <a href=\"https:\/\/www.springfield-racingteam.de\/?attachment_id=1505\" border=\"0\" itemprop=\"url\"> <meta itemprop=\"width\" content=\"190\"> <meta itemprop=\"height\" content=\"127\"> <img decoding=\"async\" class=\"\" data-attachment-id=\"1505\" data-orig-file=\"https:\/\/www.springfield-racingteam.de\/wp-content\/uploads\/2013\/12\/srt0063.jpg\" data-orig-size=\"1024,683\" data-comments-opened=\"1\" data-image-meta=\"{&quot;aperture&quot;:&quot;7.1&quot;,&quot;credit&quot;:&quot;Robert Kubis&quot;,&quot;camera&quot;:&quot;Canon EOS 6D&quot;,&quot;caption&quot;:&quot;&quot;,&quot;created_timestamp&quot;:&quot;1386082321&quot;,&quot;copyright&quot;:&quot;All rights reserved. Distribution without consent prohibited!&quot;,&quot;focal_length&quot;:&quot;65&quot;,&quot;iso&quot;:&quot;100&quot;,&quot;shutter_speed&quot;:&quot;0.033333333333333&quot;,&quot;title&quot;:&quot;&quot;}\" data-image-title=\"srt006\" data-image-description=\"\" data-medium-file=\"https:\/\/i0.wp.com\/www.springfield-racingteam.de\/wp-content\/uploads\/2013\/12\/srt0063.jpg?fit=300%2C200&#038;ssl=1\" data-large-file=\"https:\/\/i0.wp.com\/www.springfield-racingteam.de\/wp-content\/uploads\/2013\/12\/srt0063.jpg?fit=584%2C390&#038;ssl=1\" src=\"https:\/\/i0.wp.com\/www.springfield-racingteam.de\/wp-content\/uploads\/2013\/12\/srt0063.jpg?w=190&#038;h=127&#038;ssl=1\" srcset=\"https:\/\/i0.wp.com\/www.springfield-racingteam.de\/wp-content\/uploads\/2013\/12\/srt0063.jpg?w=1024&amp;ssl=1 1024w, https:\/\/i0.wp.com\/www.springfield-racingteam.de\/wp-content\/uploads\/2013\/12\/srt0063.jpg?resize=300%2C200&amp;ssl=1 300w, https:\/\/i0.wp.com\/www.springfield-racingteam.de\/wp-content\/uploads\/2013\/12\/srt0063.jpg?resize=449%2C300&amp;ssl=1 449w\" width=\"190\" height=\"127\" loading=\"lazy\" data-original-width=\"190\" data-original-height=\"127\" itemprop=\"http:\/\/schema.org\/image\" title=\"srt006\" alt=\"srt006\" style=\"width: 190px; height: 127px;\" \/> <\/a> <\/div> <\/div> <!-- close group --> <\/div> <!-- close row --> <\/div>\n","protected":false},"excerpt":{"rendered":"<p>Nachdem unsere Fahrzeuge erfolgreich versteigert wurden, konnten wir an diesen zwei Tagen einige Projekte der DBO anschauen. Am Montag ging es zun\u00e4chst in eine Krankenstation in der Stadt. Der Weg dahin erinnerte wieder ein wenig an die W\u00fcstendurchquerung. Abseits der &hellip; <a href=\"https:\/\/www.springfield-racingteam.de\/?p=1495\">Weiterlesen <span class=\"meta-nav\">&rarr;<\/span><\/a><\/p>\n","protected":false},"author":6,"featured_media":0,"comment_status":"open","ping_status":"closed","sticky":false,"template":"","format":"standard","meta":{"_jetpack_memberships_contains_paid_content":false,"footnotes":""},"categories":[14],"tags":[],"class_list":["post-1495","post","type-post","status-publish","format-standard","hentry","category-rallye2013"],"jetpack_featured_media_url":"","jetpack_sharing_enabled":true,"_links":{"self":[{"href":"https:\/\/www.springfield-racingteam.de\/index.php?rest_route=\/wp\/v2\/posts\/1495","targetHints":{"allow":["GET"]}}],"collection":[{"href":"https:\/\/www.springfield-racingteam.de\/index.php?rest_route=\/wp\/v2\/posts"}],"about":[{"href":"https:\/\/www.springfield-racingteam.de\/index.php?rest_route=\/wp\/v2\/types\/post"}],"author":[{"embeddable":true,"href":"https:\/\/www.springfield-racingteam.de\/index.php?rest_route=\/wp\/v2\/users\/6"}],"replies":[{"embeddable":true,"href":"https:\/\/www.springfield-racingteam.de\/index.php?rest_route=%2Fwp%2Fv2%2Fcomments&post=1495"}],"version-history":[{"count":6,"href":"https:\/\/www.springfield-racingteam.de\/index.php?rest_route=\/wp\/v2\/posts\/1495\/revisions"}],"predecessor-version":[{"id":1625,"href":"https:\/\/www.springfield-racingteam.de\/index.php?rest_route=\/wp\/v2\/posts\/1495\/revisions\/1625"}],"wp:attachment":[{"href":"https:\/\/www.springfield-racingteam.de\/index.php?rest_route=%2Fwp%2Fv2%2Fmedia&parent=1495"}],"wp:term":[{"taxonomy":"category","embeddable":true,"href":"https:\/\/www.springfield-racingteam.de\/index.php?rest_route=%2Fwp%2Fv2%2Fcategories&post=1495"},{"taxonomy":"post_tag","embeddable":true,"href":"https:\/\/www.springfield-racingteam.de\/index.php?rest_route=%2Fwp%2Fv2%2Ftags&post=1495"}],"curies":[{"name":"wp","href":"https:\/\/api.w.org\/{rel}","templated":true}]}}