{"id":1593,"date":"2015-05-22T14:33:05","date_gmt":"2015-05-22T13:33:05","guid":{"rendered":"http:\/\/springfield-racingteam.de\/?p=1593"},"modified":"2017-02-19T19:25:02","modified_gmt":"2017-02-19T18:25:02","slug":"wir-bauen-einen-buggy","status":"publish","type":"post","link":"https:\/\/www.springfield-racingteam.de\/?p=1593","title":{"rendered":"Wir bauen einen Buggy"},"content":{"rendered":"<p>In kreativer Atmosph\u00e4re unter dem Sternenhimmel der Sahara im November 2013 beschlossen wir, dass das Springfield Racing Team einen Buggy braucht. Mindestvoraussetzungen: Heckantrieb, grobstollige Reifen, keine Klimaanlage und Firlefanz, w\u00fcstentauglilch. Wer wei\u00df, ober der nicht mal nach Gambia fahren soll? Die Idee war nun, einen Sechszylinder mit Frontantrieb zu finden, damit wir den kompletten Motor samt Antrieb ins Heck des Micra einpflanzen k\u00f6nnen. Irgendwie erschien uns das die angemessene L\u00f6sung f\u00fcr einen Springfield Buggy.<\/p>\n<p>Als Karosse dient der altehrw\u00fcrdige Micra K10 der ersten Baureihe, der schon seit geraumer Zeit unterm Haselnussstrauch sein Rentnerdasein als Teilespender fristet. Seinen Motor hatte er vor geraumer Zeit schon an seinen Zwillingsbruder abgegeben, aber den brauchen wir ja auch nicht. Als wir das Auto aus dem Winterschlag holten, pr\u00e4sentiert er sich recht verwahrlost. Ungewaschen, unrasiert, eine Haut wie Sandpapier, Lochfra\u00df \u00fcberall, die Luft war nicht nur aus den Reifen raus&#8230; Hier hatten die M\u00e4use und Katzen anscheinend ausgiebige Partys gefeiert. Aber: der Wagen hat Potential!<\/p>\n<p>Als Motorenspender lief uns ein Mitsubishi Galant \u00fcber den Weg, den der T\u00dcV dank gravierender M\u00e4ngel an tragenden Teilen aus dem Rennen genommen hatte. Der Motor des Japaners ist aber topfit: ein 2,5 Liter gro\u00dfer V6 mit 163 PS, tadellosem Lauf und ausreichend Bums, um den zierlichen Nissan durchs Terrain zu jagen.<\/p>\n<div class=\"tiled-gallery type-rectangular tiled-gallery-unresized\" data-original-width=\"584\" data-carousel-extra='null' itemscope itemtype=\"http:\/\/schema.org\/ImageGallery\" > <div class=\"gallery-row\" style=\"width: 584px; height: 255px;\" data-original-width=\"584\" data-original-height=\"255\" > <div class=\"gallery-group images-1\" style=\"width: 380px; height: 255px;\" data-original-width=\"380\" data-original-height=\"255\" > <div class=\"tiled-gallery-item tiled-gallery-item-large\" itemprop=\"associatedMedia\" itemscope itemtype=\"http:\/\/schema.org\/ImageObject\"> <a href=\"https:\/\/www.springfield-racingteam.de\/?attachment_id=1591\" border=\"0\" itemprop=\"url\"> <meta itemprop=\"width\" content=\"376\"> <meta itemprop=\"height\" content=\"251\"> <img decoding=\"async\" class=\"\" data-attachment-id=\"1591\" data-orig-file=\"https:\/\/www.springfield-racingteam.de\/wp-content\/uploads\/2015\/08\/Micra-leerer-Motorraum-2.jpg\" data-orig-size=\"1024,683\" data-comments-opened=\"1\" data-image-meta=\"{&quot;aperture&quot;:&quot;3.5&quot;,&quot;credit&quot;:&quot;&quot;,&quot;camera&quot;:&quot;ILCE-5000&quot;,&quot;caption&quot;:&quot;&quot;,&quot;created_timestamp&quot;:&quot;1434904513&quot;,&quot;copyright&quot;:&quot;&quot;,&quot;focal_length&quot;:&quot;16&quot;,&quot;iso&quot;:&quot;3200&quot;,&quot;shutter_speed&quot;:&quot;0.02&quot;,&quot;title&quot;:&quot;&quot;,&quot;orientation&quot;:&quot;1&quot;}\" data-image-title=\"\" data-image-description=\"\" data-medium-file=\"https:\/\/i0.wp.com\/www.springfield-racingteam.de\/wp-content\/uploads\/2015\/08\/Micra-leerer-Motorraum-2.jpg?fit=300%2C200&#038;ssl=1\" data-large-file=\"https:\/\/i0.wp.com\/www.springfield-racingteam.de\/wp-content\/uploads\/2015\/08\/Micra-leerer-Motorraum-2.jpg?fit=584%2C390&#038;ssl=1\" src=\"https:\/\/i0.wp.com\/www.springfield-racingteam.de\/wp-content\/uploads\/2015\/08\/Micra-leerer-Motorraum-2.jpg?w=376&#038;h=251&#038;ssl=1\" srcset=\"https:\/\/i0.wp.com\/www.springfield-racingteam.de\/wp-content\/uploads\/2015\/08\/Micra-leerer-Motorraum-2.jpg?w=1024&amp;ssl=1 1024w, https:\/\/i0.wp.com\/www.springfield-racingteam.de\/wp-content\/uploads\/2015\/08\/Micra-leerer-Motorraum-2.jpg?resize=300%2C200&amp;ssl=1 300w, https:\/\/i0.wp.com\/www.springfield-racingteam.de\/wp-content\/uploads\/2015\/08\/Micra-leerer-Motorraum-2.jpg?resize=450%2C300&amp;ssl=1 450w, https:\/\/i0.wp.com\/www.springfield-racingteam.de\/wp-content\/uploads\/2015\/08\/Micra-leerer-Motorraum-2.jpg?resize=900%2C600&amp;ssl=1 900w\" width=\"376\" height=\"251\" loading=\"lazy\" data-original-width=\"376\" data-original-height=\"251\" itemprop=\"http:\/\/schema.org\/image\" title=\"\" alt=\"\" style=\"width: 376px; height: 251px;\" \/> <\/a> <\/div> <\/div> <!-- close group --> <div class=\"gallery-group images-2\" style=\"width: 204px; height: 255px;\" data-original-width=\"204\" data-original-height=\"255\" > <div class=\"tiled-gallery-item tiled-gallery-item-small\" itemprop=\"associatedMedia\" itemscope itemtype=\"http:\/\/schema.org\/ImageObject\"> <a href=\"https:\/\/www.springfield-racingteam.de\/?attachment_id=1562\" border=\"0\" itemprop=\"url\"> <meta itemprop=\"width\" content=\"200\"> <meta itemprop=\"height\" content=\"113\"> <img decoding=\"async\" class=\"\" data-attachment-id=\"1562\" data-orig-file=\"https:\/\/www.springfield-racingteam.de\/wp-content\/uploads\/2015\/08\/Rallye1.jpg\" data-orig-size=\"1024,579\" data-comments-opened=\"1\" data-image-meta=\"{&quot;aperture&quot;:&quot;2&quot;,&quot;credit&quot;:&quot;&quot;,&quot;camera&quot;:&quot;HTC One&quot;,&quot;caption&quot;:&quot;&quot;,&quot;created_timestamp&quot;:&quot;1432303347&quot;,&quot;copyright&quot;:&quot;&quot;,&quot;focal_length&quot;:&quot;3.82&quot;,&quot;iso&quot;:&quot;125&quot;,&quot;shutter_speed&quot;:&quot;0.000468&quot;,&quot;title&quot;:&quot;&quot;,&quot;orientation&quot;:&quot;1&quot;}\" data-image-title=\"\" data-image-description=\"\" data-medium-file=\"https:\/\/i0.wp.com\/www.springfield-racingteam.de\/wp-content\/uploads\/2015\/08\/Rallye1.jpg?fit=300%2C170&#038;ssl=1\" data-large-file=\"https:\/\/i0.wp.com\/www.springfield-racingteam.de\/wp-content\/uploads\/2015\/08\/Rallye1.jpg?fit=584%2C330&#038;ssl=1\" src=\"https:\/\/i0.wp.com\/www.springfield-racingteam.de\/wp-content\/uploads\/2015\/08\/Rallye1.jpg?w=200&#038;h=113&#038;ssl=1\" srcset=\"https:\/\/i0.wp.com\/www.springfield-racingteam.de\/wp-content\/uploads\/2015\/08\/Rallye1.jpg?w=1024&amp;ssl=1 1024w, https:\/\/i0.wp.com\/www.springfield-racingteam.de\/wp-content\/uploads\/2015\/08\/Rallye1.jpg?resize=300%2C170&amp;ssl=1 300w, https:\/\/i0.wp.com\/www.springfield-racingteam.de\/wp-content\/uploads\/2015\/08\/Rallye1.jpg?resize=500%2C283&amp;ssl=1 500w, https:\/\/i0.wp.com\/www.springfield-racingteam.de\/wp-content\/uploads\/2015\/08\/Rallye1.jpg?resize=900%2C509&amp;ssl=1 900w\" width=\"200\" height=\"113\" loading=\"lazy\" data-original-width=\"200\" data-original-height=\"113\" itemprop=\"http:\/\/schema.org\/image\" title=\"\" alt=\"\" style=\"width: 200px; height: 113px;\" \/> <\/a> <\/div> <div class=\"tiled-gallery-item tiled-gallery-item-small\" itemprop=\"associatedMedia\" itemscope itemtype=\"http:\/\/schema.org\/ImageObject\"> <a href=\"https:\/\/www.springfield-racingteam.de\/?attachment_id=1564\" border=\"0\" itemprop=\"url\"> <meta itemprop=\"width\" content=\"200\"> <meta itemprop=\"height\" content=\"134\"> <img decoding=\"async\" class=\"\" data-attachment-id=\"1564\" data-orig-file=\"https:\/\/www.springfield-racingteam.de\/wp-content\/uploads\/2015\/08\/Rallye3.jpg\" data-orig-size=\"1024,683\" data-comments-opened=\"1\" data-image-meta=\"{&quot;aperture&quot;:&quot;4&quot;,&quot;credit&quot;:&quot;&quot;,&quot;camera&quot;:&quot;ILCE-5000&quot;,&quot;caption&quot;:&quot;&quot;,&quot;created_timestamp&quot;:&quot;1434904592&quot;,&quot;copyright&quot;:&quot;&quot;,&quot;focal_length&quot;:&quot;16&quot;,&quot;iso&quot;:&quot;320&quot;,&quot;shutter_speed&quot;:&quot;0.00625&quot;,&quot;title&quot;:&quot;&quot;,&quot;orientation&quot;:&quot;1&quot;}\" data-image-title=\"\" data-image-description=\"\" data-medium-file=\"https:\/\/i0.wp.com\/www.springfield-racingteam.de\/wp-content\/uploads\/2015\/08\/Rallye3.jpg?fit=300%2C200&#038;ssl=1\" data-large-file=\"https:\/\/i0.wp.com\/www.springfield-racingteam.de\/wp-content\/uploads\/2015\/08\/Rallye3.jpg?fit=584%2C390&#038;ssl=1\" src=\"https:\/\/i0.wp.com\/www.springfield-racingteam.de\/wp-content\/uploads\/2015\/08\/Rallye3.jpg?w=200&#038;h=134&#038;ssl=1\" srcset=\"https:\/\/i0.wp.com\/www.springfield-racingteam.de\/wp-content\/uploads\/2015\/08\/Rallye3.jpg?w=1024&amp;ssl=1 1024w, https:\/\/i0.wp.com\/www.springfield-racingteam.de\/wp-content\/uploads\/2015\/08\/Rallye3.jpg?resize=300%2C200&amp;ssl=1 300w, https:\/\/i0.wp.com\/www.springfield-racingteam.de\/wp-content\/uploads\/2015\/08\/Rallye3.jpg?resize=450%2C300&amp;ssl=1 450w, https:\/\/i0.wp.com\/www.springfield-racingteam.de\/wp-content\/uploads\/2015\/08\/Rallye3.jpg?resize=900%2C600&amp;ssl=1 900w\" width=\"200\" height=\"134\" loading=\"lazy\" data-original-width=\"200\" data-original-height=\"134\" itemprop=\"http:\/\/schema.org\/image\" title=\"\" alt=\"\" style=\"width: 200px; height: 134px;\" \/> <\/a> <\/div> <\/div> <!-- close group --> <\/div> <!-- close row --> <\/div>\n","protected":false},"excerpt":{"rendered":"<p>In kreativer Atmosph\u00e4re unter dem Sternenhimmel der Sahara im November 2013 beschlossen wir, dass das Springfield Racing Team einen Buggy braucht. Mindestvoraussetzungen: Heckantrieb, grobstollige Reifen, keine Klimaanlage und Firlefanz, w\u00fcstentauglilch. Wer wei\u00df, ober der nicht mal nach Gambia fahren soll? &hellip; <a href=\"https:\/\/www.springfield-racingteam.de\/?p=1593\">Weiterlesen <span class=\"meta-nav\">&rarr;<\/span><\/a><\/p>\n","protected":false},"author":4,"featured_media":0,"comment_status":"open","ping_status":"closed","sticky":false,"template":"","format":"standard","meta":{"_jetpack_memberships_contains_paid_content":false,"footnotes":""},"categories":[20],"tags":[],"class_list":["post-1593","post","type-post","status-publish","format-standard","hentry","category-nissan-micra-buggy"],"jetpack_featured_media_url":"","jetpack_sharing_enabled":true,"_links":{"self":[{"href":"https:\/\/www.springfield-racingteam.de\/index.php?rest_route=\/wp\/v2\/posts\/1593","targetHints":{"allow":["GET"]}}],"collection":[{"href":"https:\/\/www.springfield-racingteam.de\/index.php?rest_route=\/wp\/v2\/posts"}],"about":[{"href":"https:\/\/www.springfield-racingteam.de\/index.php?rest_route=\/wp\/v2\/types\/post"}],"author":[{"embeddable":true,"href":"https:\/\/www.springfield-racingteam.de\/index.php?rest_route=\/wp\/v2\/users\/4"}],"replies":[{"embeddable":true,"href":"https:\/\/www.springfield-racingteam.de\/index.php?rest_route=%2Fwp%2Fv2%2Fcomments&post=1593"}],"version-history":[{"count":4,"href":"https:\/\/www.springfield-racingteam.de\/index.php?rest_route=\/wp\/v2\/posts\/1593\/revisions"}],"predecessor-version":[{"id":1839,"href":"https:\/\/www.springfield-racingteam.de\/index.php?rest_route=\/wp\/v2\/posts\/1593\/revisions\/1839"}],"wp:attachment":[{"href":"https:\/\/www.springfield-racingteam.de\/index.php?rest_route=%2Fwp%2Fv2%2Fmedia&parent=1593"}],"wp:term":[{"taxonomy":"category","embeddable":true,"href":"https:\/\/www.springfield-racingteam.de\/index.php?rest_route=%2Fwp%2Fv2%2Fcategories&post=1593"},{"taxonomy":"post_tag","embeddable":true,"href":"https:\/\/www.springfield-racingteam.de\/index.php?rest_route=%2Fwp%2Fv2%2Ftags&post=1593"}],"curies":[{"name":"wp","href":"https:\/\/api.w.org\/{rel}","templated":true}]}}